{"id":1091,"date":"2024-02-12T07:47:29","date_gmt":"2024-02-12T06:47:29","guid":{"rendered":"https:\/\/cgm-bw.de\/?p=1091"},"modified":"2024-02-12T07:47:29","modified_gmt":"2024-02-12T06:47:29","slug":"besuch-bei-beeindruckenden-maschinen","status":"publish","type":"post","link":"https:\/\/cgm-bw.de\/?p=1091","title":{"rendered":"Besuch bei beeindruckenden Maschinen"},"content":{"rendered":"\n<p><strong>Ausflug des CGM-Bezirks Ostw\u00fcrttemberg zu DEUTZ-FAHR. Im Besucherzentrum in Lauingen und bei einer Werksf\u00fchrung machten sich die Gewerkschafter ein Bild von der Produktion von Gro\u00dftraktoren.<\/strong><\/p>\n\n\n\n<p>Der Bezirk Ostw\u00fcrttemberg der Christlichen Gewerkschaft Metall (CGM) unternahm Mitte Januar einen Tagesausflug zum DEUTZ-FAHR Besucherzentrum nach Lauingen. Hautnah erlebten die Kolleginnen und Kollegen dort die Herstellung von Gro\u00dftraktoren mit. Sie besichtigten Fahrzeuge der Serien 6, 7, 8 bis zum Spitzenmodell des 9er Warrior. Unterst\u00fctzt wurde der schon l\u00e4nger geplante aber immer wieder verschobene Ausflug von Bopp Landmaschinen.<\/p>\n\n\n\n<p><strong>Europas modernstes Traktoren-Montagewerk<\/strong><\/p>\n\n\n\n<p>Das Abenteuer begann in den fr\u00fchen Morgenstunden vor den Werktoren von Bosch AS in Schw\u00e4bisch Gm\u00fcnd. Nach circa einer Stunde kamen die Kolleginnen und Kollegen in der DEUTZ-FAHR Arena in Lauingen an. Eine sehr nette Werksf\u00fchrerin begr\u00fc\u00dfte die Gruppe im Namen von DEUTZ-FAHR Land und geleitete die Gruppe zum Start ihrer Tour.<\/p>\n\n\n\n<p>Im eigens daf\u00fcr gebauten Werkskino informierten sich die Gewerkschaftsmitglieder zun\u00e4chst \u00fcber die Geschichte des Hauses sowie \u00fcber die aktuellen Produkte. Danach ging es auch schon los mit der Werkf\u00fchrung im modernsten Traktoren-Montagewerk Europas, das erst 2017 ans Netz ging.<\/p>\n\n\n\n<p><strong>Tr\u00e4ume und Erinnerungen<\/strong><\/p>\n\n\n\n<p>Die Tour hinterlie\u00df viele begeisterte Gesichter. Beeindruckend waren nicht nur die Dimensionen der produzierten Traktoren. Sondern auch die Vielzahl an M\u00f6glichkeiten brachten so manchen Teilnehmer zum Tr\u00e4umen. Nach der Tour ging es zum Mittagstisch.<\/p>\n\n\n\n<p>So gest\u00e4rkt fanden im Anschluss die Teilnehmer Gelegenheit, im Werkseigenen Fanshop Erinnerungen zu erwerben. Zudem ergab sich im Museum die einmalige M\u00f6glichkeit, Traktoren aus verschiedenen Epochen in einer Werkhalle zu begutachten. Dieser historische Exkurs war ein weiters Highlight der Besichtigung.<\/p>\n\n\n\n<p><strong>Kurzer Abstecher nach Ulm<\/strong><\/p>\n\n\n\n<p>Nach einem gemeinsamen Gruppenfoto ging es schlie\u00dflich Richtung Ulm. Hier machte man noch kurz Halt, um das Ulmer M\u00fcnster zu bestaunen. Die Kirche beeindruckte mit dem h\u00f6chsten Kirchturm der Welt, welcher ungef\u00e4hr 161 Meter in den Himmel ragt.<\/p>\n\n\n\n<p>Nach diesem Zwischenstopp trat die Gruppe dann auch schon wieder gut gelaunt die Heimreise an. Alle Teilnehmer waren sich einig das damit ein eindrucksvoller Ausflugtag zu Ende ging.<\/p>\n\n\n\n<p>Martin Rott<\/p>\n\n\n\n<p>stellv. CGM Bezirksvorsitzender Ostw\u00fcrttemberg<\/p>\n\n\n\n<figure class=\"wp-block-gallery has-nested-images columns-default is-cropped wp-block-gallery-1 is-layout-flex wp-block-gallery-is-layout-flex\">\n<figure class=\"wp-block-image size-large\"><img loading=\"lazy\" decoding=\"async\" width=\"1024\" height=\"768\" data-id=\"1092\" src=\"https:\/\/cgm-bw.de\/wp-content\/uploads\/2024\/02\/2024-01-18-Gruppenfoto-1-1024x768.jpg\" alt=\"\" class=\"wp-image-1092\" srcset=\"https:\/\/cgm-bw.de\/wp-content\/uploads\/2024\/02\/2024-01-18-Gruppenfoto-1-1024x768.jpg 1024w, https:\/\/cgm-bw.de\/wp-content\/uploads\/2024\/02\/2024-01-18-Gruppenfoto-1-300x225.jpg 300w, https:\/\/cgm-bw.de\/wp-content\/uploads\/2024\/02\/2024-01-18-Gruppenfoto-1-2000x1500.jpg 2000w\" sizes=\"auto, (max-width: 1024px) 100vw, 1024px\" \/><\/figure>\n\n\n\n<figure class=\"wp-block-image size-large\"><img loading=\"lazy\" decoding=\"async\" width=\"1024\" height=\"768\" data-id=\"1093\" src=\"https:\/\/cgm-bw.de\/wp-content\/uploads\/2024\/02\/2024-01-18-Maschinenhalle-1-1024x768.jpg\" alt=\"\" class=\"wp-image-1093\" srcset=\"https:\/\/cgm-bw.de\/wp-content\/uploads\/2024\/02\/2024-01-18-Maschinenhalle-1-1024x768.jpg 1024w, https:\/\/cgm-bw.de\/wp-content\/uploads\/2024\/02\/2024-01-18-Maschinenhalle-1-300x225.jpg 300w, https:\/\/cgm-bw.de\/wp-content\/uploads\/2024\/02\/2024-01-18-Maschinenhalle-1-2000x1500.jpg 2000w\" sizes=\"auto, (max-width: 1024px) 100vw, 1024px\" \/><\/figure>\n\n\n\n<figure class=\"wp-block-image size-large\"><img loading=\"lazy\" decoding=\"async\" width=\"1024\" height=\"768\" data-id=\"1094\" src=\"https:\/\/cgm-bw.de\/wp-content\/uploads\/2024\/02\/2024-01-18-Maschinenhalle-2-1024x768.jpg\" alt=\"\" class=\"wp-image-1094\" srcset=\"https:\/\/cgm-bw.de\/wp-content\/uploads\/2024\/02\/2024-01-18-Maschinenhalle-2-1024x768.jpg 1024w, https:\/\/cgm-bw.de\/wp-content\/uploads\/2024\/02\/2024-01-18-Maschinenhalle-2-300x225.jpg 300w, https:\/\/cgm-bw.de\/wp-content\/uploads\/2024\/02\/2024-01-18-Maschinenhalle-2-2000x1500.jpg 2000w\" sizes=\"auto, (max-width: 1024px) 100vw, 1024px\" \/><\/figure>\n\n\n\n<figure class=\"wp-block-image size-large\"><img loading=\"lazy\" decoding=\"async\" width=\"1024\" height=\"768\" data-id=\"1096\" src=\"https:\/\/cgm-bw.de\/wp-content\/uploads\/2024\/02\/2024-01-18-Maschinenhalle-3-1024x768.jpg\" alt=\"\" class=\"wp-image-1096\" srcset=\"https:\/\/cgm-bw.de\/wp-content\/uploads\/2024\/02\/2024-01-18-Maschinenhalle-3-1024x768.jpg 1024w, https:\/\/cgm-bw.de\/wp-content\/uploads\/2024\/02\/2024-01-18-Maschinenhalle-3-300x225.jpg 300w, https:\/\/cgm-bw.de\/wp-content\/uploads\/2024\/02\/2024-01-18-Maschinenhalle-3-2000x1500.jpg 2000w\" sizes=\"auto, (max-width: 1024px) 100vw, 1024px\" \/><\/figure>\n\n\n\n<figure class=\"wp-block-image size-large\"><img loading=\"lazy\" decoding=\"async\" width=\"1024\" height=\"768\" data-id=\"1095\" src=\"https:\/\/cgm-bw.de\/wp-content\/uploads\/2024\/02\/2024-01-18-Maschinenhalle-4-1024x768.jpg\" alt=\"\" class=\"wp-image-1095\" srcset=\"https:\/\/cgm-bw.de\/wp-content\/uploads\/2024\/02\/2024-01-18-Maschinenhalle-4-1024x768.jpg 1024w, https:\/\/cgm-bw.de\/wp-content\/uploads\/2024\/02\/2024-01-18-Maschinenhalle-4-300x225.jpg 300w, https:\/\/cgm-bw.de\/wp-content\/uploads\/2024\/02\/2024-01-18-Maschinenhalle-4-2000x1500.jpg 2000w\" sizes=\"auto, (max-width: 1024px) 100vw, 1024px\" \/><\/figure>\n<\/figure>\n","protected":false},"excerpt":{"rendered":"<p>Ausflug des CGM-Bezirks Ostw\u00fcrttemberg zu DEUTZ-FAHR. Im Besucherzentrum in Lauingen und bei einer Werksf\u00fchrung machten sich die Gewerkschafter ein Bild von der Produktion von Gro\u00dftraktoren. Der Bezirk Ostw\u00fcrttemberg der Christlichen Gewerkschaft Metall (CGM) unternahm Mitte Januar einen Tagesausflug zum DEUTZ-FAHR Besucherzentrum nach Lauingen. Hautnah erlebten die Kolleginnen und Kollegen dort die Herstellung von Gro\u00dftraktoren mit. &hellip; <\/p>\n<p class=\"link-more\"><a href=\"https:\/\/cgm-bw.de\/?p=1091\" class=\"more-link\">Mehr <span class=\"screen-reader-text\">\u00fcber &#8222;Besuch bei beeindruckenden Maschinen&#8220; <\/span>Lesen<\/a><\/p>\n","protected":false},"author":17,"featured_media":0,"comment_status":"open","ping_status":"open","sticky":false,"template":"","format":"standard","meta":{"footnotes":""},"categories":[18,1,7,15],"tags":[],"class_list":["post-1091","post","type-post","status-publish","format-standard","hentry","category-bosch","category-cgmbw_de","category-ostwuerttemberg","category-werke"],"_links":{"self":[{"href":"https:\/\/cgm-bw.de\/index.php?rest_route=\/wp\/v2\/posts\/1091","targetHints":{"allow":["GET"]}}],"collection":[{"href":"https:\/\/cgm-bw.de\/index.php?rest_route=\/wp\/v2\/posts"}],"about":[{"href":"https:\/\/cgm-bw.de\/index.php?rest_route=\/wp\/v2\/types\/post"}],"author":[{"embeddable":true,"href":"https:\/\/cgm-bw.de\/index.php?rest_route=\/wp\/v2\/users\/17"}],"replies":[{"embeddable":true,"href":"https:\/\/cgm-bw.de\/index.php?rest_route=%2Fwp%2Fv2%2Fcomments&post=1091"}],"version-history":[{"count":1,"href":"https:\/\/cgm-bw.de\/index.php?rest_route=\/wp\/v2\/posts\/1091\/revisions"}],"predecessor-version":[{"id":1097,"href":"https:\/\/cgm-bw.de\/index.php?rest_route=\/wp\/v2\/posts\/1091\/revisions\/1097"}],"wp:attachment":[{"href":"https:\/\/cgm-bw.de\/index.php?rest_route=%2Fwp%2Fv2%2Fmedia&parent=1091"}],"wp:term":[{"taxonomy":"category","embeddable":true,"href":"https:\/\/cgm-bw.de\/index.php?rest_route=%2Fwp%2Fv2%2Fcategories&post=1091"},{"taxonomy":"post_tag","embeddable":true,"href":"https:\/\/cgm-bw.de\/index.php?rest_route=%2Fwp%2Fv2%2Ftags&post=1091"}],"curies":[{"name":"wp","href":"https:\/\/api.w.org\/{rel}","templated":true}]}}