{"id":1099,"date":"2024-02-15T10:46:51","date_gmt":"2024-02-15T09:46:51","guid":{"rendered":"https:\/\/cgm-bw.de\/?p=1099"},"modified":"2024-02-15T10:47:53","modified_gmt":"2024-02-15T09:47:53","slug":"politischer-aschermittwoch-der-cdu-2024-in-fellbach","status":"publish","type":"post","link":"https:\/\/cgm-bw.de\/?p=1099","title":{"rendered":"Politischer Aschermittwoch der CDU 2024 in Fellbach"},"content":{"rendered":"\n<p class=\"has-text-align-center\">Der Politische Aschermittwoch der S\u00fcdwest-Union in Fellbach ist eine feste Gr\u00f6\u00dfe im politischen Jahreskalender des Landes.<\/p>\n\n\n\n<p class=\"has-text-align-center\">Z\u00fcnftige Reden und gute Stimmung zeichnen den gr\u00f6\u00dften politischen Stammtisch des Landes aus. <\/p>\n\n\n\n<p class=\"has-text-align-center\">Manuel Hagel MdL, Fraktionsvorsitzender der CDU im Landtag von Baden-W\u00fcrttemberg wurde als erster Redner begr\u00fc\u00dft. Im Anschluss daran wurde der stellvertretende Vorsitzende der CDU\/CSU-Bundestagsfraktion, <strong>Jens Spahn<\/strong> MdB, als Hauptredner begr\u00fc\u00dft. <\/p>\n\n\n\n<p class=\"has-text-align-center\"><br><strong>Dirk Junger<\/strong> &#8211; als Vertreter des Landesvorstandes Baden-W\u00fcrttemberg und <strong>Nicole Heinkele<\/strong> &#8211; CGM Verw.angestellte Sindelfingen haben diese Veranstaltung als Ehreng\u00e4ste besucht und konnten zum Abschluss noch ein Foto mit den Gr\u00f6\u00dfen der CDU machen.<\/p>\n\n\n\n<p><\/p>\n\n\n\n<p><\/p>\n\n\n\n<figure class=\"wp-block-image aligncenter size-large is-resized is-style-default\"><img loading=\"lazy\" decoding=\"async\" width=\"768\" height=\"1024\" src=\"https:\/\/cgm-bw.de\/wp-content\/uploads\/2024\/02\/Politischer_Aschermittwoch-1-768x1024.jpeg\" alt=\"\" class=\"wp-image-1103\" style=\"width:651px;height:auto\" srcset=\"https:\/\/cgm-bw.de\/wp-content\/uploads\/2024\/02\/Politischer_Aschermittwoch-1-768x1024.jpeg 768w, https:\/\/cgm-bw.de\/wp-content\/uploads\/2024\/02\/Politischer_Aschermittwoch-1-225x300.jpeg 225w, https:\/\/cgm-bw.de\/wp-content\/uploads\/2024\/02\/Politischer_Aschermittwoch-1-2000x2667.jpeg 2000w, https:\/\/cgm-bw.de\/wp-content\/uploads\/2024\/02\/Politischer_Aschermittwoch-1-scaled.jpeg 1920w\" sizes=\"auto, (max-width: 768px) 100vw, 768px\" \/><figcaption class=\"wp-element-caption\">Dirk Junger, Jens Spahn, Nina Warken, Manuel Hagel, Thomas Strobl, Siegfried Lorek und Nicole Heinkele <\/figcaption><\/figure>\n\n\n\n<p><\/p>\n\n\n\n<p> <\/p>\n","protected":false},"excerpt":{"rendered":"<p>Der Politische Aschermittwoch der S\u00fcdwest-Union in Fellbach ist eine feste Gr\u00f6\u00dfe im politischen Jahreskalender des Landes. Z\u00fcnftige Reden und gute Stimmung zeichnen den gr\u00f6\u00dften politischen Stammtisch des Landes aus. Manuel Hagel MdL, Fraktionsvorsitzender der CDU im Landtag von Baden-W\u00fcrttemberg wurde als erster Redner begr\u00fc\u00dft. Im Anschluss daran wurde der stellvertretende Vorsitzende der CDU\/CSU-Bundestagsfraktion, Jens Spahn &hellip; <\/p>\n<p class=\"link-more\"><a href=\"https:\/\/cgm-bw.de\/?p=1099\" class=\"more-link\">Mehr <span class=\"screen-reader-text\">\u00fcber &#8222;Politischer Aschermittwoch der CDU 2024 in Fellbach&#8220; <\/span>Lesen<\/a><\/p>\n","protected":false},"author":11,"featured_media":0,"comment_status":"open","ping_status":"open","sticky":false,"template":"","format":"standard","meta":{"footnotes":""},"categories":[1,9,20],"tags":[],"class_list":["post-1099","post","type-post","status-publish","format-standard","hentry","category-cgmbw_de","category-herrenberg-boeblingen","category-sindelfingen"],"_links":{"self":[{"href":"https:\/\/cgm-bw.de\/index.php?rest_route=\/wp\/v2\/posts\/1099","targetHints":{"allow":["GET"]}}],"collection":[{"href":"https:\/\/cgm-bw.de\/index.php?rest_route=\/wp\/v2\/posts"}],"about":[{"href":"https:\/\/cgm-bw.de\/index.php?rest_route=\/wp\/v2\/types\/post"}],"author":[{"embeddable":true,"href":"https:\/\/cgm-bw.de\/index.php?rest_route=\/wp\/v2\/users\/11"}],"replies":[{"embeddable":true,"href":"https:\/\/cgm-bw.de\/index.php?rest_route=%2Fwp%2Fv2%2Fcomments&post=1099"}],"version-history":[{"count":3,"href":"https:\/\/cgm-bw.de\/index.php?rest_route=\/wp\/v2\/posts\/1099\/revisions"}],"predecessor-version":[{"id":1106,"href":"https:\/\/cgm-bw.de\/index.php?rest_route=\/wp\/v2\/posts\/1099\/revisions\/1106"}],"wp:attachment":[{"href":"https:\/\/cgm-bw.de\/index.php?rest_route=%2Fwp%2Fv2%2Fmedia&parent=1099"}],"wp:term":[{"taxonomy":"category","embeddable":true,"href":"https:\/\/cgm-bw.de\/index.php?rest_route=%2Fwp%2Fv2%2Fcategories&post=1099"},{"taxonomy":"post_tag","embeddable":true,"href":"https:\/\/cgm-bw.de\/index.php?rest_route=%2Fwp%2Fv2%2Ftags&post=1099"}],"curies":[{"name":"wp","href":"https:\/\/api.w.org\/{rel}","templated":true}]}}