{"id":1123,"date":"2024-02-24T12:01:55","date_gmt":"2024-02-24T11:01:55","guid":{"rendered":"https:\/\/cgm-bw.de\/?p=1123"},"modified":"2024-05-27T13:15:42","modified_gmt":"2024-05-27T11:15:42","slug":"lerne-den-bezirksvorstand-kennen","status":"publish","type":"post","link":"https:\/\/cgm-bw.de\/?p=1123","title":{"rendered":"Lerne den Bezirksvorstand Stuttgart kennen &#8211; Daniel Flaccus"},"content":{"rendered":"\n<div class=\"wp-block-media-text is-stacked-on-mobile is-vertically-aligned-top is-image-fill\" style=\"grid-template-columns:20% auto\"><figure class=\"wp-block-media-text__media\" style=\"background-image:url(https:\/\/cgm-bw.de\/wp-content\/uploads\/2023\/07\/image-edited-1.png);background-position:48% 8%\"><img loading=\"lazy\" decoding=\"async\" width=\"413\" height=\"574\" src=\"https:\/\/cgm-bw.de\/wp-content\/uploads\/2023\/07\/image-edited-1.png\" alt=\"\" class=\"wp-image-686 size-full\" srcset=\"https:\/\/cgm-bw.de\/wp-content\/uploads\/2023\/07\/image-edited-1.png 413w, https:\/\/cgm-bw.de\/wp-content\/uploads\/2023\/07\/image-edited-1-216x300.png 216w\" sizes=\"auto, (max-width: 413px) 100vw, 413px\" \/><\/figure><div class=\"wp-block-media-text__content\">\n<div class=\"wp-block-group is-nowrap is-layout-flex wp-container-core-group-is-layout-6c531013 wp-block-group-is-layout-flex\">\n<div class=\"wp-block-columns is-layout-flex wp-container-core-columns-is-layout-28f84493 wp-block-columns-is-layout-flex\">\n<div class=\"wp-block-column is-layout-flow wp-block-column-is-layout-flow\" style=\"flex-basis:100%\">\n<p class=\"has-text-align-left\"><strong>Daniel Flaccus<\/strong><br>Betriebsrat<br><br>Daimler Truck, Werk Zentrale<\/p>\n<\/div>\n<\/div>\n<\/div>\n<\/div><\/div>\n\n\n\n<div class=\"wp-block-group alignfull has-global-padding is-layout-constrained wp-block-group-is-layout-constrained\">\n<div style=\"height:30px\" aria-hidden=\"true\" class=\"wp-block-spacer\"><\/div>\n\n\n\n<p class=\"has-text-align-left\">Liebe Mitglieder und Freunde der Christlichen Gewerkschaft Metall,<\/p>\n\n\n\n<p class=\"has-text-align-left\">ich hei\u00dfe Daniel Flaccus, bin 50 Jahre alt, verheiratet und habe einen Sohn. Ich bin seit 1994 bei der Daimler (Truck) AG, zuerst als Student der dualen Hochschule, danach mit einem kurzen Zwischenstopp im Werk Mettingen und seit 1999 in der Truck Entwicklung besch\u00e4ftigt.<\/p>\n\n\n\n<p class=\"has-text-align-left\">Seit 2022 bin ich Betriebsrat im Daimler Truck Werk Zentrale, nachdem ich zuvor eine Amtsperiode als erster Nachr\u00fccker im Betriebsrat und ca.10 Jahre als Vertrauensmann f\u00fcr die CGM f\u00fcr die CGM aktiv war.<\/p>\n\n\n\n<p class=\"has-text-align-left\">Ehrenamtliches und soziales Engagement haben bislang mein Leben gepr\u00e4gt. Ich war \u00fcber 20 Jahre als Jugendtrainer und Vorstandsmitglied im Sportverein aktiv, bevor ich 2014 Schriftf\u00fchrer im Bezirksvorstand der CGM in Stuttgart geworden bin und 2018 zum Vorsitzenden gew\u00e4hlt wurde.<\/p>\n\n\n\n<p class=\"has-text-align-left\">Au\u00dferdem bin ich seit 2019 als ehrenamtlicher Richter am Arbeitsgericht Stuttgart t\u00e4tig.<\/p>\n\n\n\n<p class=\"has-text-align-left\">2023 wurde ich als Schriftf\u00fchrer in den Landesvorstand der CGM Baden-W\u00fcrttemberg gew\u00e4hlt.<\/p>\n\n\n\n<p class=\"has-text-align-left\">Fairness, Gerechtigkeit und Ehrlichkeit sind zentrale Werte f\u00fcr mich \u2013 sie machen ein gro\u00dfen Teil meiner Motivation f\u00fcr das Engagement als Betriebsrat und in der Christlichen Gewerkschaft Metall aus.<\/p>\n\n\n\n<p class=\"has-text-align-left\">Euer<\/p>\n\n\n\n<p class=\"has-text-align-left\">Daniel Flaccus<\/p>\n<\/div>\n","protected":false},"excerpt":{"rendered":"<p>Liebe Mitglieder und Freunde der Christlichen Gewerkschaft Metall, ich hei\u00dfe Daniel Flaccus, bin 50 Jahre alt, verheiratet und habe einen Sohn. Ich bin seit 1994 bei der Daimler (Truck) AG, zuerst als Student der dualen Hochschule, danach mit einem kurzen Zwischenstopp im Werk Mettingen und seit 1999 in der Truck Entwicklung besch\u00e4ftigt. Seit 2022 bin &hellip; <\/p>\n<p class=\"link-more\"><a href=\"https:\/\/cgm-bw.de\/?p=1123\" class=\"more-link\">Mehr <span class=\"screen-reader-text\">\u00fcber &#8222;Lerne den Bezirksvorstand Stuttgart kennen &#8211; Daniel Flaccus&#8220; <\/span>Lesen<\/a><\/p>\n","protected":false},"author":16,"featured_media":0,"comment_status":"open","ping_status":"open","sticky":false,"template":"","format":"image","meta":{"footnotes":""},"categories":[1,5,22,21],"tags":[],"class_list":["post-1123","post","type-post","status-publish","format-image","hentry","category-cgmbw_de","category-stuttgart","category-stuttgart-untertuerkheim","category-stuttgart-zentrale","post_format-post-format-image"],"_links":{"self":[{"href":"https:\/\/cgm-bw.de\/index.php?rest_route=\/wp\/v2\/posts\/1123","targetHints":{"allow":["GET"]}}],"collection":[{"href":"https:\/\/cgm-bw.de\/index.php?rest_route=\/wp\/v2\/posts"}],"about":[{"href":"https:\/\/cgm-bw.de\/index.php?rest_route=\/wp\/v2\/types\/post"}],"author":[{"embeddable":true,"href":"https:\/\/cgm-bw.de\/index.php?rest_route=\/wp\/v2\/users\/16"}],"replies":[{"embeddable":true,"href":"https:\/\/cgm-bw.de\/index.php?rest_route=%2Fwp%2Fv2%2Fcomments&post=1123"}],"version-history":[{"count":18,"href":"https:\/\/cgm-bw.de\/index.php?rest_route=\/wp\/v2\/posts\/1123\/revisions"}],"predecessor-version":[{"id":1199,"href":"https:\/\/cgm-bw.de\/index.php?rest_route=\/wp\/v2\/posts\/1123\/revisions\/1199"}],"wp:attachment":[{"href":"https:\/\/cgm-bw.de\/index.php?rest_route=%2Fwp%2Fv2%2Fmedia&parent=1123"}],"wp:term":[{"taxonomy":"category","embeddable":true,"href":"https:\/\/cgm-bw.de\/index.php?rest_route=%2Fwp%2Fv2%2Fcategories&post=1123"},{"taxonomy":"post_tag","embeddable":true,"href":"https:\/\/cgm-bw.de\/index.php?rest_route=%2Fwp%2Fv2%2Ftags&post=1123"}],"curies":[{"name":"wp","href":"https:\/\/api.w.org\/{rel}","templated":true}]}}