{"id":1165,"date":"2024-04-09T18:29:41","date_gmt":"2024-04-09T16:29:41","guid":{"rendered":"https:\/\/cgm-bw.de\/?p=1165"},"modified":"2024-05-27T13:21:32","modified_gmt":"2024-05-27T11:21:32","slug":"lerne-den-bezirksvorstand-stuttgart-kennen-steffen-haefner","status":"publish","type":"post","link":"https:\/\/cgm-bw.de\/?p=1165","title":{"rendered":"Lerne den Bezirksvorstand Stuttgart kennen &#8211; Steffen H\u00e4fner"},"content":{"rendered":"\n<div class=\"wp-block-media-text is-stacked-on-mobile is-vertically-aligned-top is-image-fill\" style=\"grid-template-columns:20% auto\"><figure class=\"wp-block-media-text__media\" style=\"background-image:url(https:\/\/cgm-bw.de\/wp-content\/uploads\/2024\/04\/Steffen_Einzelportrain.jpg);background-position:47% 34%\"><img loading=\"lazy\" decoding=\"async\" width=\"1000\" height=\"892\" src=\"https:\/\/cgm-bw.de\/wp-content\/uploads\/2024\/04\/Steffen_Einzelportrain.jpg\" alt=\"\" class=\"wp-image-1166 size-full\" srcset=\"https:\/\/cgm-bw.de\/wp-content\/uploads\/2024\/04\/Steffen_Einzelportrain.jpg 1000w, https:\/\/cgm-bw.de\/wp-content\/uploads\/2024\/04\/Steffen_Einzelportrain-300x268.jpg 300w\" sizes=\"auto, (max-width: 1000px) 100vw, 1000px\" \/><\/figure><div class=\"wp-block-media-text__content\">\n<div class=\"wp-block-group is-nowrap is-layout-flex wp-container-core-group-is-layout-6c531013 wp-block-group-is-layout-flex\">\n<div class=\"wp-block-columns is-layout-flex wp-container-core-columns-is-layout-28f84493 wp-block-columns-is-layout-flex\">\n<div class=\"wp-block-column is-layout-flow wp-block-column-is-layout-flow\" style=\"flex-basis:100%\">\n<p class=\"has-text-align-left\"><strong>Steffen H\u00e4fner<\/strong><br>Stellvertretender Bezirksvorstand Bezirk Stuttgart<\/p>\n\n\n\n<p class=\"has-text-align-left\">Maschinenbediener\/-Programmierer und nachr\u00fcckender Betriebsrat f\u00fcr das Mercedes-Benz Werk Untert\u00fcrkheim<\/p>\n<\/div>\n<\/div>\n<\/div>\n<\/div><\/div>\n\n\n\n<p><\/p>\n\n\n\n<p class=\"has-text-align-left\">Gl\u00fcck Auf!<\/p>\n\n\n\n<p class=\"has-text-align-left\">Neben meinem Bild steht schon recht viel. Aber auch ich m\u00f6chte mich hier noch mal detaillierter vorstellen:<\/p>\n\n\n\n<p class=\"has-text-align-left\">Mein Name ist Steffen H\u00e4fner, ich bin am 7. M\u00e4rz 1987 in Schw\u00e4bisch Hall geboren, Vater eines 6-j\u00e4hrigen Sohnes und seit 15 Jahren in einer gl\u00fccklichen Beziehung.<\/p>\n\n\n\n<p class=\"has-text-align-left\">Aufgewachsen bin ich in Oberrot und sp\u00e4ter auf dem Schurwald in Baltmannsweiler und Hohengehren. Seit 2012 wohne ich nun in Deizisau.<\/p>\n\n\n\n<p class=\"has-text-align-left\">Nach meiner Hauptschule habe ich zwischen 2002 und 2005  eine Ausbildung zum Fertigungsmechaniker Fachrichtung Fertigung bei der DaimlerChrysler AG (Heute: Mercedes-Benz Group AG) absolviert. Danach war ich in vielen unterschiedlichen Bereichen innerbetrieblich unterwegs: Montage, Produktion, Kleinserienfertigung, Schleiferei, Dreherei und nun die Fr\u00e4serei in der Einzelteilfertigung. 2010 habe ich meine Weiterbildung zum Industriemeister\/Metall Schichtbegleitend abgeschlossen.<\/p>\n\n\n\n<p class=\"has-text-align-left\">Ehrenamtlich war und bin ich schon quasi immer unterwegs: Als Jugendtrainer im Fu\u00dfball, Fanclub-Vorsitzender, Bezirksleiter S.F.C.V.-Bezirk 23, stellvertretender Vorstand Gartenfreunde Plochingen e. V., Vertrauensk\u00f6rperleiter und nun auch seit M\u00e4rz 2024 ehrenamtlicher Sozialrichter in Stuttgart.<\/p>\n\n\n\n<p class=\"has-text-align-left\">Nach dem es anfing mit dem \u201eElectric only\u201c-Gerede, war f\u00fcr mich klar: Die Zukunft wird ungewiss und ich muss mehr dazu beitragen, mich vor allem mehr einbringen! Und so kam ich im Januar 2020 zur Christlichen Gewerkschaft Metall und wurde schnellstm\u00f6glich Vertrauensmann.<\/p>\n\n\n\n<p class=\"has-text-align-left\">Seither bin ich engagiert in vielen Bereichen rund um die CGM dabei und bringe mich so gut es geht ein. Sei es als Delegierter, Stellvertreter der Betriebsgruppe oder nachr\u00fcckender Betriebsrat. Ich strebe immer das Optimum an, bin selbst mein gr\u00f6\u00dfter Kritiker und Versuche dem Slogan: <strong><em>Pers\u00f6nlich, Menschlich, Nah<\/em><\/strong> immer gerecht zu werden, um gerade uns in der Arbeiterklasse zu unterst\u00fctzen &#8211; denn wir halten den Laden am Laufen.<br><br>Wenn ihr mich braucht, gerne hier meine Telefonnummer: +49 176 57 69 70 66.<br><\/p>\n\n\n\n<p class=\"has-text-align-left\">Mit gewerkschaftlichen Gr\u00fc\u00dfen<br>Euer Steffen H\u00e4fner<\/p>\n","protected":false},"excerpt":{"rendered":"<p>Gl\u00fcck Auf! Neben meinem Bild steht schon recht viel. Aber auch ich m\u00f6chte mich hier noch mal detaillierter vorstellen: Mein Name ist Steffen H\u00e4fner, ich bin am 7. M\u00e4rz 1987 in Schw\u00e4bisch Hall geboren, Vater eines 6-j\u00e4hrigen Sohnes und seit 15 Jahren in einer gl\u00fccklichen Beziehung. Aufgewachsen bin ich in Oberrot und sp\u00e4ter auf dem &hellip; <\/p>\n<p class=\"link-more\"><a href=\"https:\/\/cgm-bw.de\/?p=1165\" class=\"more-link\">Mehr <span class=\"screen-reader-text\">\u00fcber &#8222;Lerne den Bezirksvorstand Stuttgart kennen &#8211; Steffen H\u00e4fner&#8220; <\/span>Lesen<\/a><\/p>\n","protected":false},"author":16,"featured_media":0,"comment_status":"open","ping_status":"open","sticky":false,"template":"","format":"image","meta":{"footnotes":""},"categories":[1,5,22,21],"tags":[],"class_list":["post-1165","post","type-post","status-publish","format-image","hentry","category-cgmbw_de","category-stuttgart","category-stuttgart-untertuerkheim","category-stuttgart-zentrale","post_format-post-format-image"],"_links":{"self":[{"href":"https:\/\/cgm-bw.de\/index.php?rest_route=\/wp\/v2\/posts\/1165","targetHints":{"allow":["GET"]}}],"collection":[{"href":"https:\/\/cgm-bw.de\/index.php?rest_route=\/wp\/v2\/posts"}],"about":[{"href":"https:\/\/cgm-bw.de\/index.php?rest_route=\/wp\/v2\/types\/post"}],"author":[{"embeddable":true,"href":"https:\/\/cgm-bw.de\/index.php?rest_route=\/wp\/v2\/users\/16"}],"replies":[{"embeddable":true,"href":"https:\/\/cgm-bw.de\/index.php?rest_route=%2Fwp%2Fv2%2Fcomments&post=1165"}],"version-history":[{"count":6,"href":"https:\/\/cgm-bw.de\/index.php?rest_route=\/wp\/v2\/posts\/1165\/revisions"}],"predecessor-version":[{"id":1212,"href":"https:\/\/cgm-bw.de\/index.php?rest_route=\/wp\/v2\/posts\/1165\/revisions\/1212"}],"wp:attachment":[{"href":"https:\/\/cgm-bw.de\/index.php?rest_route=%2Fwp%2Fv2%2Fmedia&parent=1165"}],"wp:term":[{"taxonomy":"category","embeddable":true,"href":"https:\/\/cgm-bw.de\/index.php?rest_route=%2Fwp%2Fv2%2Fcategories&post=1165"},{"taxonomy":"post_tag","embeddable":true,"href":"https:\/\/cgm-bw.de\/index.php?rest_route=%2Fwp%2Fv2%2Ftags&post=1165"}],"curies":[{"name":"wp","href":"https:\/\/api.w.org\/{rel}","templated":true}]}}