{"id":1194,"date":"2024-05-27T13:15:33","date_gmt":"2024-05-27T11:15:33","guid":{"rendered":"https:\/\/cgm-bw.de\/?p=1194"},"modified":"2024-05-27T13:19:16","modified_gmt":"2024-05-27T11:19:16","slug":"lerne-den-bezirksvorstand-kennen-marco-klys","status":"publish","type":"post","link":"https:\/\/cgm-bw.de\/?p=1194","title":{"rendered":"Lerne den Bezirksvorstand Stuttgart kennen &#8211; Marco Klys"},"content":{"rendered":"\n<div class=\"wp-block-media-text is-stacked-on-mobile is-vertically-aligned-top is-image-fill\" style=\"grid-template-columns:20% auto\"><figure class=\"wp-block-media-text__media\" style=\"background-image:url(https:\/\/cgm-bw.de\/wp-content\/uploads\/2024\/05\/Marco_Klys-683x1024.jpg);background-position:50% 11%\"><img loading=\"lazy\" decoding=\"async\" width=\"683\" height=\"1024\" src=\"https:\/\/cgm-bw.de\/wp-content\/uploads\/2024\/05\/Marco_Klys-683x1024.jpg\" alt=\"\" class=\"wp-image-1197 size-full\" srcset=\"https:\/\/cgm-bw.de\/wp-content\/uploads\/2024\/05\/Marco_Klys-683x1024.jpg 683w, https:\/\/cgm-bw.de\/wp-content\/uploads\/2024\/05\/Marco_Klys-200x300.jpg 200w, https:\/\/cgm-bw.de\/wp-content\/uploads\/2024\/05\/Marco_Klys-2000x3000.jpg 2000w, https:\/\/cgm-bw.de\/wp-content\/uploads\/2024\/05\/Marco_Klys-scaled.jpg 1707w\" sizes=\"auto, (max-width: 683px) 100vw, 683px\" \/><\/figure><div class=\"wp-block-media-text__content\">\n<p class=\"has-text-align-left\"><strong>Marco Klys<\/strong><br>Betriebsrat<br><br>Daimler Truck, Werk Zentrale<\/p>\n<\/div><\/div>\n\n\n\n<p><\/p>\n\n\n\n<p class=\"has-text-align-left\">Liebe Mitglieder und interessierte der Christlichen Gewerkschaft Metall,<\/p>\n\n\n\n<p class=\"has-text-align-left\">ich hei\u00dfe Marco Klys, bin 42 Jahre alt, verheiratet und habe zwei S\u00f6hne und eine Tochter. Ich bin seit 1998 bei der Daimler (Truck) AG. In dieser Zeit habe ich mich \u00fcber den zweiten Bildungsweg in Richtung Fahrzeugentwicklung entwickelt und bin seit 7 Jahren in der Fahrzeughomologation t\u00e4tig.<\/p>\n\n\n\n<p class=\"has-text-align-left\">Seit 2022 bin ich Betriebsrat im Daimler Truck Werk Zentrale. Zuvor bin ich &nbsp;Vertrauensmann f\u00fcr die CGM aktiv gewesen.<\/p>\n\n\n\n<p class=\"has-text-align-left\">Ich war mehrere Jahre als Spielf\u00fchrer eines Tennisclubs und im Sportverein aktiv, bevor ich 2017 Schriftf\u00fchrer im Bezirksvorstand der CGM in Stuttgart geworden bin.<\/p>\n\n\n\n<p class=\"has-text-align-left\">Ich werde demn\u00e4chst als Sch\u00f6ffe beim Arbeitsgericht als Ehrenamtlicher Richter t\u00e4tig.<\/p>\n\n\n\n<p class=\"has-text-align-left\">F\u00fcr mich steht eine gerechte Verteilung in allen Bereichen an vorderster Stelle, deswegen engagiere ich mich in der CGM.<\/p>\n\n\n\n<p class=\"has-text-align-left\">Es gr\u00fc\u00dft euch<br>Marco Klys<\/p>\n","protected":false},"excerpt":{"rendered":"<p>Marco KlysBetriebsrat Daimler Truck, Werk Zentrale Liebe Mitglieder und interessierte der Christlichen Gewerkschaft Metall, ich hei\u00dfe Marco Klys, bin 42 Jahre alt, verheiratet und habe zwei S\u00f6hne und eine Tochter. Ich bin seit 1998 bei der Daimler (Truck) AG. In dieser Zeit habe ich mich \u00fcber den zweiten Bildungsweg in Richtung Fahrzeugentwicklung entwickelt und bin &hellip; <\/p>\n<p class=\"link-more\"><a href=\"https:\/\/cgm-bw.de\/?p=1194\" class=\"more-link\">Mehr <span class=\"screen-reader-text\">\u00fcber &#8222;Lerne den Bezirksvorstand Stuttgart kennen &#8211; Marco Klys&#8220; <\/span>Lesen<\/a><\/p>\n","protected":false},"author":16,"featured_media":0,"comment_status":"open","ping_status":"open","sticky":false,"template":"","format":"image","meta":{"footnotes":""},"categories":[1,5,22,21],"tags":[],"class_list":["post-1194","post","type-post","status-publish","format-image","hentry","category-cgmbw_de","category-stuttgart","category-stuttgart-untertuerkheim","category-stuttgart-zentrale","post_format-post-format-image"],"_links":{"self":[{"href":"https:\/\/cgm-bw.de\/index.php?rest_route=\/wp\/v2\/posts\/1194","targetHints":{"allow":["GET"]}}],"collection":[{"href":"https:\/\/cgm-bw.de\/index.php?rest_route=\/wp\/v2\/posts"}],"about":[{"href":"https:\/\/cgm-bw.de\/index.php?rest_route=\/wp\/v2\/types\/post"}],"author":[{"embeddable":true,"href":"https:\/\/cgm-bw.de\/index.php?rest_route=\/wp\/v2\/users\/16"}],"replies":[{"embeddable":true,"href":"https:\/\/cgm-bw.de\/index.php?rest_route=%2Fwp%2Fv2%2Fcomments&post=1194"}],"version-history":[{"count":5,"href":"https:\/\/cgm-bw.de\/index.php?rest_route=\/wp\/v2\/posts\/1194\/revisions"}],"predecessor-version":[{"id":1206,"href":"https:\/\/cgm-bw.de\/index.php?rest_route=\/wp\/v2\/posts\/1194\/revisions\/1206"}],"wp:attachment":[{"href":"https:\/\/cgm-bw.de\/index.php?rest_route=%2Fwp%2Fv2%2Fmedia&parent=1194"}],"wp:term":[{"taxonomy":"category","embeddable":true,"href":"https:\/\/cgm-bw.de\/index.php?rest_route=%2Fwp%2Fv2%2Fcategories&post=1194"},{"taxonomy":"post_tag","embeddable":true,"href":"https:\/\/cgm-bw.de\/index.php?rest_route=%2Fwp%2Fv2%2Ftags&post=1194"}],"curies":[{"name":"wp","href":"https:\/\/api.w.org\/{rel}","templated":true}]}}