{"id":1237,"date":"2024-07-01T11:18:01","date_gmt":"2024-07-01T09:18:01","guid":{"rendered":"https:\/\/cgm-bw.de\/?p=1237"},"modified":"2024-07-03T08:26:30","modified_gmt":"2024-07-03T06:26:30","slug":"lerne-den-bezirksvorstand-kennen-marina-porrmann-schmidt","status":"publish","type":"post","link":"https:\/\/cgm-bw.de\/?p=1237","title":{"rendered":"Lerne den Bezirksvorstand kennen &#8211; Marina Porrmann-Schmidt"},"content":{"rendered":"\n<div class=\"wp-block-media-text is-stacked-on-mobile is-vertically-aligned-top is-image-fill\" style=\"grid-template-columns:20% auto\"><figure class=\"wp-block-media-text__media\" style=\"background-image:url(https:\/\/cgm-bw.de\/wp-content\/uploads\/2024\/07\/Porrmann-Schmidt-Marina-HVerw-683x1024.jpg);background-position:52% 22%\"><img loading=\"lazy\" decoding=\"async\" width=\"683\" height=\"1024\" src=\"https:\/\/cgm-bw.de\/wp-content\/uploads\/2024\/07\/Porrmann-Schmidt-Marina-HVerw-683x1024.jpg\" alt=\"\" class=\"wp-image-1239 size-full\" srcset=\"https:\/\/cgm-bw.de\/wp-content\/uploads\/2024\/07\/Porrmann-Schmidt-Marina-HVerw-683x1024.jpg 683w, https:\/\/cgm-bw.de\/wp-content\/uploads\/2024\/07\/Porrmann-Schmidt-Marina-HVerw-200x300.jpg 200w, https:\/\/cgm-bw.de\/wp-content\/uploads\/2024\/07\/Porrmann-Schmidt-Marina-HVerw-2000x3000.jpg 2000w, https:\/\/cgm-bw.de\/wp-content\/uploads\/2024\/07\/Porrmann-Schmidt-Marina-HVerw-scaled.jpg 1707w\" sizes=\"auto, (max-width: 683px) 100vw, 683px\" \/><\/figure><div class=\"wp-block-media-text__content\">\n<p class=\"has-text-align-left\"><strong>Marina Porrmann-Schmidt<\/strong><br>Verwaltungsangestellte<br>Betriebsr\u00e4tin<br><br>Christliche Gewerkschaft Metall &#8211; Hauptverwaltung<br><\/p>\n<\/div><\/div>\n\n\n\n<p class=\"has-text-align-left\"><br>Liebe Kolleginnen,<br>Liebe Kollegen,<br><br>ich hei\u00dfe Marina Porrmann-Schmidt, bin 91er Jahrgang, verheiratet und habe zwei Katzen. \ud83d\ude09<br><br>Ich bin hauptamtliche Mitarbeiterin bei der Christliche Gewerkschaft Metall. 2007 habe ich meine Ausbildung zur \u201eKauffrau f\u00fcr B\u00fcrokommunikation\u201c in der Hauptverwaltung in Stuttgart-Degerloch begonnen, wurde 2010 \u00fcbernommen und bin seither dort t\u00e4tig. Meine Aufgaben sind neben \u00fcblichen Sekretariats- und Verwaltungsaufgaben unter anderem die Gestaltung von Aush\u00e4ngen, Postern, Flyern etc.<br><br>Nachdem ich 2018 zun\u00e4chst Nachr\u00fcckerin wurde, bin ich 2022 zur Betriebsr\u00e4tin f\u00fcr die CGM-Mitarbeitenden gew\u00e4hlt worden. Im gleichen Jahr wurde ich auch Mitglied im CGM-Bezirksvorstand Stuttgart. Da ich nicht so direkt mit Mitgliedern der CGM zusammenarbeite, wie die anderen Kolleginnen und Kollegen im Vorstand, bringe ich eine ganz eigene Perspektive mit. Andererseits nehme ich aber auch viele Anregungen mit und lerne die Basisarbeit besser kennen, was wiederum in meine hauptamtliche Arbeit einflie\u00dft.<br><br>Mit diesen Erkenntnissen bem\u00fche ich mich darum, die CGM voranzubringen, sodass wir weiter \u2013 und bestenfalls besser als zuvor \u2013 f\u00fcr unsere Kolleginnen und Kollegen in den Betrieben da sein k\u00f6nnen.<br><br>Mit freundlichen Gr\u00fc\u00dfen<br>Eure Marina<\/p>\n","protected":false},"excerpt":{"rendered":"<p>Marina Porrmann-SchmidtVerwaltungsangestellteBetriebsr\u00e4tin Christliche Gewerkschaft Metall &#8211; Hauptverwaltung Liebe Kolleginnen,Liebe Kollegen, ich hei\u00dfe Marina Porrmann-Schmidt, bin 91er Jahrgang, verheiratet und habe zwei Katzen. \ud83d\ude09 Ich bin hauptamtliche Mitarbeiterin bei der Christliche Gewerkschaft Metall. 2007 habe ich meine Ausbildung zur \u201eKauffrau f\u00fcr B\u00fcrokommunikation\u201c in der Hauptverwaltung in Stuttgart-Degerloch begonnen, wurde 2010 \u00fcbernommen und bin seither dort t\u00e4tig. &hellip; <\/p>\n<p class=\"link-more\"><a href=\"https:\/\/cgm-bw.de\/?p=1237\" class=\"more-link\">Mehr <span class=\"screen-reader-text\">\u00fcber &#8222;Lerne den Bezirksvorstand kennen &#8211; Marina Porrmann-Schmidt&#8220; <\/span>Lesen<\/a><\/p>\n","protected":false},"author":16,"featured_media":0,"comment_status":"open","ping_status":"open","sticky":false,"template":"","format":"standard","meta":{"footnotes":""},"categories":[1,5],"tags":[53,52],"class_list":["post-1237","post","type-post","status-publish","format-standard","hentry","category-cgmbw_de","category-stuttgart","tag-bezirksvorstand","tag-vorstellung"],"_links":{"self":[{"href":"https:\/\/cgm-bw.de\/index.php?rest_route=\/wp\/v2\/posts\/1237","targetHints":{"allow":["GET"]}}],"collection":[{"href":"https:\/\/cgm-bw.de\/index.php?rest_route=\/wp\/v2\/posts"}],"about":[{"href":"https:\/\/cgm-bw.de\/index.php?rest_route=\/wp\/v2\/types\/post"}],"author":[{"embeddable":true,"href":"https:\/\/cgm-bw.de\/index.php?rest_route=\/wp\/v2\/users\/16"}],"replies":[{"embeddable":true,"href":"https:\/\/cgm-bw.de\/index.php?rest_route=%2Fwp%2Fv2%2Fcomments&post=1237"}],"version-history":[{"count":4,"href":"https:\/\/cgm-bw.de\/index.php?rest_route=\/wp\/v2\/posts\/1237\/revisions"}],"predecessor-version":[{"id":1242,"href":"https:\/\/cgm-bw.de\/index.php?rest_route=\/wp\/v2\/posts\/1237\/revisions\/1242"}],"wp:attachment":[{"href":"https:\/\/cgm-bw.de\/index.php?rest_route=%2Fwp%2Fv2%2Fmedia&parent=1237"}],"wp:term":[{"taxonomy":"category","embeddable":true,"href":"https:\/\/cgm-bw.de\/index.php?rest_route=%2Fwp%2Fv2%2Fcategories&post=1237"},{"taxonomy":"post_tag","embeddable":true,"href":"https:\/\/cgm-bw.de\/index.php?rest_route=%2Fwp%2Fv2%2Ftags&post=1237"}],"curies":[{"name":"wp","href":"https:\/\/api.w.org\/{rel}","templated":true}]}}