{"id":1244,"date":"2024-07-03T15:36:47","date_gmt":"2024-07-03T13:36:47","guid":{"rendered":"https:\/\/cgm-bw.de\/?p=1244"},"modified":"2024-07-15T15:37:12","modified_gmt":"2024-07-15T13:37:12","slug":"sommerausflug-des-bezirksverband-stuttgart","status":"publish","type":"post","link":"https:\/\/cgm-bw.de\/?p=1244","title":{"rendered":"Sommerausflug des Bezirksverband Stuttgart"},"content":{"rendered":"\n<p style=\"padding-top:0;padding-right:var(--wp--preset--spacing--small);padding-bottom:0;padding-left:var(--wp--preset--spacing--small)\"><\/p>\n\n\n\n<div class=\"wp-block-media-text is-stacked-on-mobile is-vertically-aligned-center\" style=\"margin-top:0;margin-right:0;margin-bottom:0;margin-left:0;padding-right:var(--wp--preset--spacing--small);padding-left:var(--wp--preset--spacing--small);grid-template-columns:20% auto\"><figure class=\"wp-block-media-text__media\"><img loading=\"lazy\" decoding=\"async\" width=\"225\" height=\"300\" src=\"https:\/\/cgm-bw.de\/wp-content\/uploads\/2024\/07\/IMG_0623-web-225x300.webp\" alt=\"\" class=\"wp-image-1245 size-medium\" srcset=\"https:\/\/cgm-bw.de\/wp-content\/uploads\/2024\/07\/IMG_0623-web-225x300.webp 225w, https:\/\/cgm-bw.de\/wp-content\/uploads\/2024\/07\/IMG_0623-web.webp 375w\" sizes=\"auto, (max-width: 225px) 100vw, 225px\" \/><\/figure><div class=\"wp-block-media-text__content\">\n<p>Am Freitag, den 21. Juni trafen sich einige tapfere CGM\u2019ler am Obert\u00fcrkheimer Bahnhof zum Sommerausflug.<\/p>\n\n\n\n<p class=\"has-text-align-left\">Das Wetter war instabil angesagt und es regnete auch ziemlich oft und viel an diesem Tag. Nichts desto trotz kam just zum Abmarsch vom Bahnhof die Sonne raus und begleitete die Kollegen bei Ihrem Fu\u00dfmarsch zur &#8222;Waldsch\u00e4nke 7 Linden&#8220; in den Weinbergen oberhalb von Uhlbach.<br><\/p>\n<\/div><\/div>\n\n\n\n<p style=\"padding-top:0;padding-right:var(--wp--preset--spacing--small);padding-bottom:0;padding-left:var(--wp--preset--spacing--small)\"><br>Bei der Waldsch\u00e4nke angekommen, gab es dann die Belohnung in Form von gek\u00fchlten Getr\u00e4nken f\u00fcr die, vom Fu\u00dfmarsch in der prallen Sonne erhitzten Kollegen. Das Timing war perfekt, denn wenige Minuten nach Ankunft gab es schon den n\u00e4chsten Regenschauer. Also haben wir drinnen Platz, ein geselliges Beisammensein konnte beginnen. Schnell fanden sich auch gemeinsame Nenner bei Hobbies und Interessen, nat\u00fcrlich gab es auch betriebliche Themen, \u00fcber die gesprochen wurde. In der Waldsch\u00e4nke war es urgem\u00fctlich und so sa\u00dfen wir tats\u00e4chlich auch ca. 3 Stunden zusammen und die Zeit verflog, bei leckerem Essen und guter Laune, wie im Flug. Ich selbst bin relativ neu dabei und kannte nur einen Kollegen, aber das hat der guten Stimmung und dem regen Austausch keinen Abbruch getan. Wir hatten Spa\u00df, konnten uns \u00fcber alles M\u00f6gliche unterhalten und haben herzhaft gelacht.<br><br><\/p>\n\n\n\n<figure class=\"wp-block-image aligncenter size-full is-resized\"><img loading=\"lazy\" decoding=\"async\" width=\"500\" height=\"243\" src=\"https:\/\/cgm-bw.de\/wp-content\/uploads\/2024\/07\/IMG_0627-web.webp\" alt=\"\" class=\"wp-image-1246\" style=\"width:474px;height:auto\" srcset=\"https:\/\/cgm-bw.de\/wp-content\/uploads\/2024\/07\/IMG_0627-web.webp 500w, https:\/\/cgm-bw.de\/wp-content\/uploads\/2024\/07\/IMG_0627-web-300x146.webp 300w\" sizes=\"auto, (max-width: 500px) 100vw, 500px\" \/><\/figure>\n\n\n\n<p style=\"padding-top:0;padding-right:var(--wp--preset--spacing--small);padding-bottom:0;padding-left:var(--wp--preset--spacing--small)\"><br>Der Fu\u00dfmarsch zur\u00fcck im Regen wurde den Kollegen durch die Mitfahrt bei Kollegen erspart, die direkt mit dem Auto zur Waldsch\u00e4nke gekommen waren. F\u00fcr mich war es eine super \u00dcberraschung, als wir den Zuschuss in H\u00f6he von 15,- \u20ac von der CGM f\u00fcr die Verpflegung erhalten haben, das fand ich richtig toll und habe mich sehr dar\u00fcber gefreut, so wie die Kollegen nat\u00fcrlich auch.<\/p>\n\n\n\n<p style=\"padding-right:var(--wp--preset--spacing--small);padding-left:var(--wp--preset--spacing--small)\">Also an dieser Stelle Herzlichen Dank an die CGM von allen Teilnehmern. Auch an Daniel Flaccus ein herzliches Dankesch\u00f6n, er hat den Sommerausflug organisiert.<\/p>\n\n\n\n<p style=\"padding-right:var(--wp--preset--spacing--small);padding-left:var(--wp--preset--spacing--small)\">Ich hoffe mein kurzer Bericht hat Euch gefallen und so neugierig gemacht, dass Ihr das n\u00e4chste Mal dabei seid!<br><br>Viele Gr\u00fc\u00dfe<br>Nicole Ambs<\/p>\n","protected":false},"excerpt":{"rendered":"<p>Am Freitag, den 21. Juni trafen sich einige tapfere CGM\u2019ler am Obert\u00fcrkheimer Bahnhof zum Sommerausflug. Das Wetter war instabil angesagt und es regnete auch ziemlich oft und viel an diesem Tag. Nichts desto trotz kam just zum Abmarsch vom Bahnhof die Sonne raus und begleitete die Kollegen bei Ihrem Fu\u00dfmarsch zur &#8222;Waldsch\u00e4nke 7 Linden&#8220; in &hellip; <\/p>\n<p class=\"link-more\"><a href=\"https:\/\/cgm-bw.de\/?p=1244\" class=\"more-link\">Mehr <span class=\"screen-reader-text\">\u00fcber &#8222;Sommerausflug des Bezirksverband Stuttgart&#8220; <\/span>Lesen<\/a><\/p>\n","protected":false},"author":16,"featured_media":1264,"comment_status":"open","ping_status":"open","sticky":false,"template":"","format":"standard","meta":{"footnotes":""},"categories":[1,5],"tags":[51,35,32],"class_list":["post-1244","post","type-post","status-publish","format-standard","has-post-thumbnail","hentry","category-cgmbw_de","category-stuttgart","tag-ausflug","tag-freizeit","tag-sommer"],"_links":{"self":[{"href":"https:\/\/cgm-bw.de\/index.php?rest_route=\/wp\/v2\/posts\/1244","targetHints":{"allow":["GET"]}}],"collection":[{"href":"https:\/\/cgm-bw.de\/index.php?rest_route=\/wp\/v2\/posts"}],"about":[{"href":"https:\/\/cgm-bw.de\/index.php?rest_route=\/wp\/v2\/types\/post"}],"author":[{"embeddable":true,"href":"https:\/\/cgm-bw.de\/index.php?rest_route=\/wp\/v2\/users\/16"}],"replies":[{"embeddable":true,"href":"https:\/\/cgm-bw.de\/index.php?rest_route=%2Fwp%2Fv2%2Fcomments&post=1244"}],"version-history":[{"count":18,"href":"https:\/\/cgm-bw.de\/index.php?rest_route=\/wp\/v2\/posts\/1244\/revisions"}],"predecessor-version":[{"id":1274,"href":"https:\/\/cgm-bw.de\/index.php?rest_route=\/wp\/v2\/posts\/1244\/revisions\/1274"}],"wp:featuredmedia":[{"embeddable":true,"href":"https:\/\/cgm-bw.de\/index.php?rest_route=\/wp\/v2\/media\/1264"}],"wp:attachment":[{"href":"https:\/\/cgm-bw.de\/index.php?rest_route=%2Fwp%2Fv2%2Fmedia&parent=1244"}],"wp:term":[{"taxonomy":"category","embeddable":true,"href":"https:\/\/cgm-bw.de\/index.php?rest_route=%2Fwp%2Fv2%2Fcategories&post=1244"},{"taxonomy":"post_tag","embeddable":true,"href":"https:\/\/cgm-bw.de\/index.php?rest_route=%2Fwp%2Fv2%2Ftags&post=1244"}],"curies":[{"name":"wp","href":"https:\/\/api.w.org\/{rel}","templated":true}]}}