{"id":1283,"date":"2024-07-03T12:23:36","date_gmt":"2024-07-03T10:23:36","guid":{"rendered":"https:\/\/cgm-bw.de\/?p=1283"},"modified":"2024-07-03T12:35:11","modified_gmt":"2024-07-03T10:35:11","slug":"protest-gegen-den-verkauf-der-mercedes-benz-autohaeuser","status":"publish","type":"post","link":"https:\/\/cgm-bw.de\/?p=1283","title":{"rendered":"Protest gegen den Verkauf der Mercedes-Benz Autoh\u00e4user"},"content":{"rendered":"\n<figure class=\"wp-block-image size-large\"><img loading=\"lazy\" decoding=\"async\" width=\"768\" height=\"1024\" src=\"https:\/\/cgm-bw.de\/wp-content\/uploads\/2024\/07\/WhatsApp-Image-2024-07-02-at-11.54.4711-768x1024.jpeg\" alt=\"\" class=\"wp-image-1284\" style=\"aspect-ratio:1;object-fit:cover\" srcset=\"https:\/\/cgm-bw.de\/wp-content\/uploads\/2024\/07\/WhatsApp-Image-2024-07-02-at-11.54.4711-768x1024.jpeg 768w, https:\/\/cgm-bw.de\/wp-content\/uploads\/2024\/07\/WhatsApp-Image-2024-07-02-at-11.54.4711-225x300.jpeg 225w, https:\/\/cgm-bw.de\/wp-content\/uploads\/2024\/07\/WhatsApp-Image-2024-07-02-at-11.54.4711.jpeg 1200w\" sizes=\"auto, (max-width: 768px) 100vw, 768px\" \/><\/figure>\n\n\n\n<p><\/p>\n\n\n\n<p><\/p>\n\n\n\n<div class=\"wp-block-columns is-layout-flex wp-container-core-columns-is-layout-28f84493 wp-block-columns-is-layout-flex\">\n<div class=\"wp-block-column is-layout-flow wp-block-column-is-layout-flow\" style=\"flex-basis:100%\">\n<h1 class=\"wp-block-heading alignwide has-secondary-color has-text-color has-link-color has-x-large-font-size wp-elements-c4f14823772fd2ce1f93696e462c6719\"><strong>Solidarit\u00e4t ist das Gebot der Stunde!<\/strong><\/h1>\n<\/div>\n<\/div>\n\n\n\n<p class=\"has-medium-font-size\">Die CGM nahm an der Protestaktion gegen den Verkauf der Mercedes-Benz Autoh\u00e4user am 2. Juli 2024 im Werk in Sindelfingen teil.<\/p>\n\n\n\n<figure class=\"wp-block-image size-large\"><img loading=\"lazy\" decoding=\"async\" width=\"768\" height=\"1024\" src=\"https:\/\/cgm-bw.de\/wp-content\/uploads\/2024\/07\/WhatsApp-Image-2024-07-02-at-11.54.475-768x1024.jpeg\" alt=\"\" class=\"wp-image-1285\" style=\"aspect-ratio:1;object-fit:cover\" srcset=\"https:\/\/cgm-bw.de\/wp-content\/uploads\/2024\/07\/WhatsApp-Image-2024-07-02-at-11.54.475-768x1024.jpeg 768w, https:\/\/cgm-bw.de\/wp-content\/uploads\/2024\/07\/WhatsApp-Image-2024-07-02-at-11.54.475-225x300.jpeg 225w, https:\/\/cgm-bw.de\/wp-content\/uploads\/2024\/07\/WhatsApp-Image-2024-07-02-at-11.54.475.jpeg 1200w\" sizes=\"auto, (max-width: 768px) 100vw, 768px\" \/><\/figure>\n\n\n\n<p class=\"has-medium-font-size\">Am 2. Juli 2024 fanden bundesweit in mehreren Mercedes-Benz Werken Protestkundgebungen gegen den Verkauf der unternehmenseigenen Autoh\u00e4user statt. Neben dem Stammsitz in Stuttgart- Untert\u00fcrkheim wurde auch an den Standorten Sindelfingen, Rastatt, Bremen, D\u00fcsseldorf und Berlin protestiert.<\/p>\n\n\n\n<p><\/p>\n\n\n\n<p><\/p>\n\n\n\n<p class=\"has-text-align-center has-large-font-size\"><strong>Protestkundgebung mit CGM<\/strong><\/p>\n\n\n\n<p><\/p>\n\n\n\n<div class=\"wp-block-columns is-layout-flex wp-container-core-columns-is-layout-28f84493 wp-block-columns-is-layout-flex\">\n<div class=\"wp-block-column is-layout-flow wp-block-column-is-layout-flow\">\n<div class=\"wp-block-group has-global-padding is-layout-constrained wp-block-group-is-layout-constrained\">\n<p class=\"has-medium-font-size\">Im Werk Sindelfingen rief der Gesamtbetriebsratsvorsitzende Ergun L\u00fcmali die Besch\u00e4ftigten zu einer Protestkundgebung dagegen auf, bei der wir als CGM nat\u00fcrlich nicht fehlen durften!<\/p>\n\n\n\n<p class=\"has-medium-font-size\">Das Motto \u201eWir halten zusammen \u2013 am 2. Juli und jeden Tag\u201c war Programm! Es geht bundesweit um 8.000 Besch\u00e4ftigte in 80 Betrieben. Der Autobauer hatte im M\u00e4rz angek\u00fcndigt, seine Autoh\u00e4user, die Niederlassungen, verkaufen zu wollen. Bisher sind noch keine Betriebe verkauft worden.<\/p>\n<\/div>\n<\/div>\n\n\n\n<div class=\"wp-block-column is-layout-flow wp-block-column-is-layout-flow\">\n<figure class=\"wp-block-image size-large\"><img loading=\"lazy\" decoding=\"async\" width=\"768\" height=\"1024\" src=\"https:\/\/cgm-bw.de\/wp-content\/uploads\/2024\/07\/WhatsApp-Image-2024-07-02-at-11.54.479-768x1024.jpeg\" alt=\"\" class=\"wp-image-1286\" srcset=\"https:\/\/cgm-bw.de\/wp-content\/uploads\/2024\/07\/WhatsApp-Image-2024-07-02-at-11.54.479-768x1024.jpeg 768w, https:\/\/cgm-bw.de\/wp-content\/uploads\/2024\/07\/WhatsApp-Image-2024-07-02-at-11.54.479-225x300.jpeg 225w, https:\/\/cgm-bw.de\/wp-content\/uploads\/2024\/07\/WhatsApp-Image-2024-07-02-at-11.54.479.jpeg 1200w\" sizes=\"auto, (max-width: 768px) 100vw, 768px\" \/><\/figure>\n<\/div>\n<\/div>\n\n\n\n<div class=\"wp-block-columns is-layout-flex wp-container-core-columns-is-layout-28f84493 wp-block-columns-is-layout-flex\">\n<div class=\"wp-block-column is-layout-flow wp-block-column-is-layout-flow\">\n<p><\/p>\n\n\n\n<p><\/p>\n\n\n\n<p><\/p>\n\n\n\n<p><\/p>\n\n\n\n<p><\/p>\n\n\n\n<p><\/p>\n\n\n\n<p><\/p>\n\n\n\n<p><\/p>\n\n\n\n<h2 class=\"wp-block-heading\" style=\"font-size:clamp(27.894px, 1.743rem + ((1vw - 3.2px) * 2.094), 48px);\">Schlag ins Gesicht der Besch\u00e4ftigten<\/h2>\n\n\n\n<p><a href=\"https:\/\/cgm.de\/wp-content\/uploads\/2024\/07\/Bild_3_Mercedes-Benz_Niederlassungen_Protest_2024.webp\"><\/a><\/p>\n<\/div>\n\n\n\n<div class=\"wp-block-column is-layout-flow wp-block-column-is-layout-flow\">\n<figure class=\"wp-block-image size-large is-resized\"><img loading=\"lazy\" decoding=\"async\" width=\"768\" height=\"1024\" src=\"https:\/\/cgm-bw.de\/wp-content\/uploads\/2024\/07\/WhatsApp-Image-2024-07-02-at-11.54.47-768x1024.jpeg\" alt=\"\" class=\"wp-image-1287\" style=\"width:561px;height:auto\" srcset=\"https:\/\/cgm-bw.de\/wp-content\/uploads\/2024\/07\/WhatsApp-Image-2024-07-02-at-11.54.47-768x1024.jpeg 768w, https:\/\/cgm-bw.de\/wp-content\/uploads\/2024\/07\/WhatsApp-Image-2024-07-02-at-11.54.47-225x300.jpeg 225w, https:\/\/cgm-bw.de\/wp-content\/uploads\/2024\/07\/WhatsApp-Image-2024-07-02-at-11.54.47.jpeg 1200w\" sizes=\"auto, (max-width: 768px) 100vw, 768px\" \/><\/figure>\n<\/div>\n<\/div>\n\n\n\n<p class=\"has-medium-font-size\">Der Gesamtbetriebsratschef Ergun L\u00fcmali hatten den Schritt bereits nach Bekanntwerden im M\u00e4rz mit scharfen Worten kritisiert und Widerstand angek\u00fcndigt. Die Pl\u00e4ne seien ein \u201eSchlag ins Gesicht\u201c der Mitarbeiterinnen und Mitarbeiter.<\/p>\n\n\n\n<p class=\"has-medium-font-size\">Es sprachen mehrere Redner bei der Protestkundgebung in Sindelfingen. Unter den Rednern waren auch Mitglieder des Betriebsrats der betroffenen Autoh\u00e4user. Diese\u00a0berichteten eindr\u00fccklich von der schwierigen Situation der Kolleginnen und Kollegen.<\/p>\n\n\n\n<p class=\"has-secondary-color has-text-color has-link-color has-large-font-size wp-elements-2dceed6a4f28887e32a70ed5f911f7f7\">Unsere CGM-Mitglieder waren lautstark und deutlich sichtbar mit dabei und werden sich auch zuk\u00fcnftig solidarisch an weiteren Protestaktionen beteiligen!<\/p>\n\n\n\n<p><\/p>\n","protected":false},"excerpt":{"rendered":"<p>Solidarit\u00e4t ist das Gebot der Stunde! Die CGM nahm an der Protestaktion gegen den Verkauf der Mercedes-Benz Autoh\u00e4user am 2. Juli 2024 im Werk in Sindelfingen teil. Am 2. Juli 2024 fanden bundesweit in mehreren Mercedes-Benz Werken Protestkundgebungen gegen den Verkauf der unternehmenseigenen Autoh\u00e4user statt. Neben dem Stammsitz in Stuttgart- Untert\u00fcrkheim wurde auch an den &hellip; <\/p>\n<p class=\"link-more\"><a href=\"https:\/\/cgm-bw.de\/?p=1283\" class=\"more-link\">Mehr <span class=\"screen-reader-text\">\u00fcber &#8222;Protest gegen den Verkauf der Mercedes-Benz Autoh\u00e4user&#8220; <\/span>Lesen<\/a><\/p>\n","protected":false},"author":18,"featured_media":0,"comment_status":"open","ping_status":"open","sticky":false,"template":"","format":"standard","meta":{"footnotes":""},"categories":[1],"tags":[],"class_list":["post-1283","post","type-post","status-publish","format-standard","hentry","category-cgmbw_de"],"_links":{"self":[{"href":"https:\/\/cgm-bw.de\/index.php?rest_route=\/wp\/v2\/posts\/1283","targetHints":{"allow":["GET"]}}],"collection":[{"href":"https:\/\/cgm-bw.de\/index.php?rest_route=\/wp\/v2\/posts"}],"about":[{"href":"https:\/\/cgm-bw.de\/index.php?rest_route=\/wp\/v2\/types\/post"}],"author":[{"embeddable":true,"href":"https:\/\/cgm-bw.de\/index.php?rest_route=\/wp\/v2\/users\/18"}],"replies":[{"embeddable":true,"href":"https:\/\/cgm-bw.de\/index.php?rest_route=%2Fwp%2Fv2%2Fcomments&post=1283"}],"version-history":[{"count":6,"href":"https:\/\/cgm-bw.de\/index.php?rest_route=\/wp\/v2\/posts\/1283\/revisions"}],"predecessor-version":[{"id":1294,"href":"https:\/\/cgm-bw.de\/index.php?rest_route=\/wp\/v2\/posts\/1283\/revisions\/1294"}],"wp:attachment":[{"href":"https:\/\/cgm-bw.de\/index.php?rest_route=%2Fwp%2Fv2%2Fmedia&parent=1283"}],"wp:term":[{"taxonomy":"category","embeddable":true,"href":"https:\/\/cgm-bw.de\/index.php?rest_route=%2Fwp%2Fv2%2Fcategories&post=1283"},{"taxonomy":"post_tag","embeddable":true,"href":"https:\/\/cgm-bw.de\/index.php?rest_route=%2Fwp%2Fv2%2Ftags&post=1283"}],"curies":[{"name":"wp","href":"https:\/\/api.w.org\/{rel}","templated":true}]}}