{"id":1326,"date":"2024-09-04T10:53:27","date_gmt":"2024-09-04T08:53:27","guid":{"rendered":"https:\/\/cgm-bw.de\/?p=1326"},"modified":"2024-09-04T10:54:53","modified_gmt":"2024-09-04T08:54:53","slug":"unternehmertag-bringt-erfreuliche-nachrichten","status":"publish","type":"post","link":"https:\/\/cgm-bw.de\/?p=1326","title":{"rendered":"Unternehmertag bringt erfreuliche Nachrichten"},"content":{"rendered":"\n<p>CGM-Landesverband Baden-W\u00fcrttemberg auf dem Unternehmertag am 23.07.2024 in Stuttgart<\/p>\n\n\n\n<p><\/p>\n\n\n\n<figure class=\"wp-block-image size-large is-resized\"><img loading=\"lazy\" decoding=\"async\" width=\"768\" height=\"1024\" src=\"https:\/\/cgm-bw.de\/wp-content\/uploads\/2024\/09\/3-768x1024.jpg\" alt=\"\" class=\"wp-image-1327\" style=\"width:1142px;height:auto\" srcset=\"https:\/\/cgm-bw.de\/wp-content\/uploads\/2024\/09\/3-768x1024.jpg 768w, https:\/\/cgm-bw.de\/wp-content\/uploads\/2024\/09\/3-225x300.jpg 225w, https:\/\/cgm-bw.de\/wp-content\/uploads\/2024\/09\/3.jpg 1512w\" sizes=\"auto, (max-width: 768px) 100vw, 768px\" \/><\/figure>\n\n\n\n<p>v. li.n.re.: stellvertretender Landesvorsitzender Martin Rott, Mitglied des Landesvorstands Konstanze Hubert und der Vorsitzende des FSHK Baden W\u00fcrttemberg Stefan Menrath<\/p>\n\n\n\n<p><\/p>\n\n\n\n<p><p class=\"MsoNormal\"><b><span style=\"font-size:20.0pt;line-height:107%\">Der CGM-Landesverband Baden-W\u00fcrttemberg war auf dem Unternehmertag am 23.07.2024 in Stuttgart vertreten. Auf der Veranstaltung verk\u00fcndete Baden-W\u00fcrttembergs Wirtschaftsministerin Hoffmeister-Kraut <\/span><\/b><b><span style=\"font-size:20.0pt;line-height:107%\">interessante Nachrichten f\u00fcr die CGM<\/span><\/b><\/p>.<\/p>\n\n\n\n<p><\/p>\n\n\n\n<p class=\"has-text-align-left\">Unter dem Thema \u201eBaden-W\u00fcrttembergs Wirtschaft in der Welt: Wie st\u00e4rken wir unseren Standort im internationalen Wettbewerb?\u201c fand am 23. Juli der Unternehmertag 2024 statt. Zur Veranstaltung lud der Verband der Unternehmer Baden-W\u00fcrttembergs nach Stuttgart ein. Als engagierter Sozialpartner war zu dem Event in der Landeshauptstadt auch der CGM Landesverband Baden-W\u00fcrttemberg eingeladen.<\/p>\n\n\n\n<p class=\"has-text-align-left\"><\/p>\n\n\n\n<p class=\"has-text-align-left\"><strong>Politik bem\u00fcht sich um Unternehmen<\/strong><\/p>\n\n\n\n<p class=\"has-text-align-left\">Zwar mussten sich Unternehmerverbandspr\u00e4sident Dulger und Ministerpr\u00e4sident Kretschmann beide krankheitsbedingt entschuldigen. Trotzdem war es eine sehr interessante Veranstaltung. Spannend war, zu beobachten, wie die Politik mit den Unternehmen aus Baden-W\u00fcrttemberg kommuniziert. Die anwesenden Politiker machten dabei viele Versuche, die Wirtschaftsvertreter im L\u00e4ndle bei der Stange zu halten.<\/p>\n\n\n\n<p class=\"has-text-align-left\">Gerade bei den Podiumsteilnehmerinnen und Teilnehmern kam deutlich eine gro\u00dfe Bereitschaft zum Ausdruck. Zu h\u00f6ren waren Forderungen wie: Geredet sei genug, jetzt m\u00fcsse gehandelt werden oder es m\u00fcssten unter anderem endlich Steuererleichterungen her.<\/p>\n\n\n\n<p class=\"has-text-align-left\">Aus Sicht der CGM-Vertreter &#8211; und wahrscheinlich vieler anderer Anwesenden \u2013 klingen diese Versprechen zwar sch\u00f6n. Es ist jedoch zu bezweifeln, dass diese Versprechen noch in dieser Legislaturperiode in Berlin zur Umsetzung kommen.<\/p>\n\n\n\n<p class=\"has-text-align-left\"><\/p>\n\n\n\n<p class=\"has-text-align-left\"><strong>Erfreuliche Ank\u00fcndigungen auf Landesebene<\/strong><\/p>\n\n\n\n<p class=\"has-text-align-left\">Besonders die von Ministerin Hoffmeister-Kraut verk\u00fcndete Nicht-Novellierung des Landestariftreue- und Mindestlohngesetzes sorgte bei den anwesenden Unternehmerinnen und Unternehmern f\u00fcr Entspannung und zauberte sogar ein paar L\u00e4cheln in die Gesichter. Die Ministerin begr\u00fcndete die Entscheidung gegen eine geplante Versch\u00e4rfung des Gesetzes unter anderem mit der Absicht \u201ekeine neue B\u00fcrokratie aufzubauen\u201c.<\/p>\n\n\n\n<p class=\"has-text-align-left\">Das Landestariftreue- und Mindestlohngesetz betrifft die Vergabe bei \u00f6ffentlichen Projekten. Insbesondere im Fall von Dienstleistungen und Bauprojekten findet es Anwendung. Das Gesetz schreibt unter anderem vor, dass nur Unternehmen, die Tarifl\u00f6hne zahlen, von Land und Kommunen beauftragt werden d\u00fcrfen. Ab einen Auftragswert von 20.000 Euro verlangt das Gesetz von Unternehmen, schon bei Abgabe eines Angebots sich selbst schriftlich zur Tariftreue zu verpflichten.<\/p>\n\n\n\n<p class=\"has-text-align-left\">Seit der letzten Landtagswahl hatte nun eine Versch\u00e4rfung dieser Regelung gedroht. Unter anderem aufgrund von Forderungen durch den DGB sollte die Grenze von 20.000 Euro auf 10.000 Euro gesenkt werden. Der Zwang zur Selbstverpflichtung h\u00e4tte somit erheblich mehr Unternehmen betroffen. Merklich verschnupft reagierte daher auch der anwesende DGB-Landeschef auf die Absage der Landesregierung.<\/p>\n\n\n\n<p class=\"has-text-align-left\"><\/p>\n\n\n\n<p class=\"has-text-align-left\"><strong>CGM begr\u00fc\u00dft Entscheidung der Landesregierung<\/strong><\/p>\n\n\n\n<p class=\"has-text-align-left\">Der nach Ansicht der CGM-Baden-W\u00fcrttemberg unn\u00f6tige Schritt der Versch\u00e4rfung h\u00e4tte zum einen f\u00fcr viele kleine und mittlere Unternehmen ein erhebliches mehr an B\u00fcrokratie verursacht. Zum Anderen h\u00e4tte er ein Fortschreiten staatlicher Eingriffe in die Tarifautonomie bedeutet.<\/p>\n\n\n\n<p class=\"has-text-align-left\">CGM-Landesvorstands Mitglied Martin Rott begr\u00fc\u00dfte daher die Entscheidung der Landesregierung. \u201eDie Politik sollte von weiteren staatlichen Eingriffen, wie einer Versch\u00e4rfung des Tariftreuegesetzes, Abstand nehmen. Tarifbindung muss organisch entstehen und aus der Praxis mitgetragen werden. Daf\u00fcr braucht es aber attraktive Tarifl\u00f6sungen, die mit Augenma\u00df f\u00fcr die einzelnen Branchen geschaffen werden. Und das ist unserer \u00dcberzeugung nach nur mit einer St\u00e4rkung des gewerkschaftlichen Pluralismus m\u00f6glich.\u201c<\/p>\n\n\n\n<p class=\"has-text-align-left\">Nicht nur aufgrund der durch die Ministerin verk\u00fcndeten Neuigkeiten gefiel die Veranstaltung der CGM-Delegation gut. Die Veranstaltung bot Gelegenheit zu vielen angenehmen Gespr\u00e4chen mit Politik und Wirtschaft. Insbesondere mit dem FSHK-Verbandsvorsitzen Menrath und seinem Rechtsassessor Scheible, den anwesenden Vertretern eines Tarifpartners des CGM-Landesverbands, kam es zu lohnendem Meinungsaustausch.<\/p>\n\n\n\n<p class=\"has-text-align-left\">[dh]<\/p>\n","protected":false},"excerpt":{"rendered":"<p>CGM-Landesverband Baden-W\u00fcrttemberg auf dem Unternehmertag am 23.07.2024 in Stuttgart v. li.n.re.: stellvertretender Landesvorsitzender Martin Rott, Mitglied des Landesvorstands Konstanze Hubert und der Vorsitzende des FSHK Baden W\u00fcrttemberg Stefan Menrath Der CGM-Landesverband Baden-W\u00fcrttemberg war auf dem Unternehmertag am 23.07.2024 in Stuttgart vertreten. Auf der Veranstaltung verk\u00fcndete Baden-W\u00fcrttembergs Wirtschaftsministerin Hoffmeister-Kraut interessante Nachrichten f\u00fcr die CGM . Unter &hellip; <\/p>\n<p class=\"link-more\"><a href=\"https:\/\/cgm-bw.de\/?p=1326\" class=\"more-link\">Mehr <span class=\"screen-reader-text\">\u00fcber &#8222;Unternehmertag bringt erfreuliche Nachrichten&#8220; <\/span>Lesen<\/a><\/p>\n","protected":false},"author":18,"featured_media":0,"comment_status":"open","ping_status":"open","sticky":false,"template":"","format":"standard","meta":{"footnotes":""},"categories":[1],"tags":[],"class_list":["post-1326","post","type-post","status-publish","format-standard","hentry","category-cgmbw_de"],"_links":{"self":[{"href":"https:\/\/cgm-bw.de\/index.php?rest_route=\/wp\/v2\/posts\/1326","targetHints":{"allow":["GET"]}}],"collection":[{"href":"https:\/\/cgm-bw.de\/index.php?rest_route=\/wp\/v2\/posts"}],"about":[{"href":"https:\/\/cgm-bw.de\/index.php?rest_route=\/wp\/v2\/types\/post"}],"author":[{"embeddable":true,"href":"https:\/\/cgm-bw.de\/index.php?rest_route=\/wp\/v2\/users\/18"}],"replies":[{"embeddable":true,"href":"https:\/\/cgm-bw.de\/index.php?rest_route=%2Fwp%2Fv2%2Fcomments&post=1326"}],"version-history":[{"count":3,"href":"https:\/\/cgm-bw.de\/index.php?rest_route=\/wp\/v2\/posts\/1326\/revisions"}],"predecessor-version":[{"id":1330,"href":"https:\/\/cgm-bw.de\/index.php?rest_route=\/wp\/v2\/posts\/1326\/revisions\/1330"}],"wp:attachment":[{"href":"https:\/\/cgm-bw.de\/index.php?rest_route=%2Fwp%2Fv2%2Fmedia&parent=1326"}],"wp:term":[{"taxonomy":"category","embeddable":true,"href":"https:\/\/cgm-bw.de\/index.php?rest_route=%2Fwp%2Fv2%2Fcategories&post=1326"},{"taxonomy":"post_tag","embeddable":true,"href":"https:\/\/cgm-bw.de\/index.php?rest_route=%2Fwp%2Fv2%2Ftags&post=1326"}],"curies":[{"name":"wp","href":"https:\/\/api.w.org\/{rel}","templated":true}]}}