{"id":1332,"date":"2024-09-09T13:20:20","date_gmt":"2024-09-09T11:20:20","guid":{"rendered":"https:\/\/cgm-bw.de\/?p=1332"},"modified":"2025-08-01T14:51:57","modified_gmt":"2025-08-01T12:51:57","slug":"ausbildungsstart-in-baden-wuerttemberg","status":"publish","type":"post","link":"https:\/\/cgm-bw.de\/?p=1332","title":{"rendered":"Ausbildungsstart in Baden-W\u00fcrttemberg"},"content":{"rendered":"\n<figure class=\"wp-block-image aligncenter size-large is-resized\"><img loading=\"lazy\" decoding=\"async\" width=\"1024\" height=\"1024\" src=\"https:\/\/cgm-bw.de\/wp-content\/uploads\/2024\/09\/23-08-Willkommen-Azubis-quadratisch-1024x1024.jpg\" alt=\"\" class=\"wp-image-1333\" style=\"object-fit:cover;width:500px;height:500px\" srcset=\"https:\/\/cgm-bw.de\/wp-content\/uploads\/2024\/09\/23-08-Willkommen-Azubis-quadratisch-1024x1024.jpg 1024w, https:\/\/cgm-bw.de\/wp-content\/uploads\/2024\/09\/23-08-Willkommen-Azubis-quadratisch-300x300.jpg 300w, https:\/\/cgm-bw.de\/wp-content\/uploads\/2024\/09\/23-08-Willkommen-Azubis-quadratisch-150x150.jpg 150w, https:\/\/cgm-bw.de\/wp-content\/uploads\/2024\/09\/23-08-Willkommen-Azubis-quadratisch-2000x2000.jpg 2000w\" sizes=\"auto, (max-width: 1024px) 100vw, 1024px\" \/><\/figure>\n\n\n\n<p class=\"has-text-align-left\">Liebe Azubis,<br><br>willkommen in euren Betrieben!<br><br>Mit der Ausbildung beginnt f\u00fcr euch ein neuer Lebensabschnitt und ihr stellt die Weichen f\u00fcr eure Zukunft. Viel Erfolg und Spa\u00df dabei! In dieser wichtigen Zeit ist die CGM auch f\u00fcr Euch da &#8211; bei Fragen oder Problemen z\u00f6gert nicht, euch an eure CGM-Ansprechperson im Betrieb zu wenden.<\/p>\n\n\n\n<p class=\"has-text-align-left\">Einen guten Start w\u00fcnscht<br>eure CGM<\/p>\n","protected":false},"excerpt":{"rendered":"<p>Liebe Azubis, willkommen in euren Betrieben! Mit der Ausbildung beginnt f\u00fcr euch ein neuer Lebensabschnitt und ihr stellt die Weichen f\u00fcr eure Zukunft. Viel Erfolg und Spa\u00df dabei! In dieser wichtigen Zeit ist die CGM auch f\u00fcr Euch da &#8211; bei Fragen oder Problemen z\u00f6gert nicht, euch an eure CGM-Ansprechperson im Betrieb zu wenden. Einen &hellip; <\/p>\n<p class=\"link-more\"><a href=\"https:\/\/cgm-bw.de\/?p=1332\" class=\"more-link\">Mehr <span class=\"screen-reader-text\">\u00fcber &#8222;Ausbildungsstart in Baden-W\u00fcrttemberg&#8220; <\/span>Lesen<\/a><\/p>\n","protected":false},"author":16,"featured_media":0,"comment_status":"open","ping_status":"open","sticky":false,"template":"","format":"standard","meta":{"footnotes":""},"categories":[18,1,11,8,9,13,7,6,10,12,5,4,16,25,26,20,22,21,19],"tags":[28,40,41],"class_list":["post-1332","post","type-post","status-publish","format-standard","hentry","category-bosch","category-cgmbw_de","category-friedrichshafen-ravensburg","category-heilbronn-hohenlohe","category-herrenberg-boeblingen","category-jugend","category-ostwuerttemberg","category-rems-murr","category-reutlingen-zollernalb","category-schwarzwald-baar-heuberg","category-stuttgart","category-ulm","category-mercedes-benz","category-rastatt","category-sap","category-sindelfingen","category-stuttgart-untertuerkheim","category-stuttgart-zentrale","category-zf","tag-ausbildung","tag-azubi","tag-jugend"],"_links":{"self":[{"href":"https:\/\/cgm-bw.de\/index.php?rest_route=\/wp\/v2\/posts\/1332","targetHints":{"allow":["GET"]}}],"collection":[{"href":"https:\/\/cgm-bw.de\/index.php?rest_route=\/wp\/v2\/posts"}],"about":[{"href":"https:\/\/cgm-bw.de\/index.php?rest_route=\/wp\/v2\/types\/post"}],"author":[{"embeddable":true,"href":"https:\/\/cgm-bw.de\/index.php?rest_route=\/wp\/v2\/users\/16"}],"replies":[{"embeddable":true,"href":"https:\/\/cgm-bw.de\/index.php?rest_route=%2Fwp%2Fv2%2Fcomments&post=1332"}],"version-history":[{"count":5,"href":"https:\/\/cgm-bw.de\/index.php?rest_route=\/wp\/v2\/posts\/1332\/revisions"}],"predecessor-version":[{"id":1339,"href":"https:\/\/cgm-bw.de\/index.php?rest_route=\/wp\/v2\/posts\/1332\/revisions\/1339"}],"wp:attachment":[{"href":"https:\/\/cgm-bw.de\/index.php?rest_route=%2Fwp%2Fv2%2Fmedia&parent=1332"}],"wp:term":[{"taxonomy":"category","embeddable":true,"href":"https:\/\/cgm-bw.de\/index.php?rest_route=%2Fwp%2Fv2%2Fcategories&post=1332"},{"taxonomy":"post_tag","embeddable":true,"href":"https:\/\/cgm-bw.de\/index.php?rest_route=%2Fwp%2Fv2%2Ftags&post=1332"}],"curies":[{"name":"wp","href":"https:\/\/api.w.org\/{rel}","templated":true}]}}