{"id":1404,"date":"2024-10-28T11:59:37","date_gmt":"2024-10-28T10:59:37","guid":{"rendered":"https:\/\/cgm-bw.de\/?p=1404"},"modified":"2024-10-28T13:24:20","modified_gmt":"2024-10-28T12:24:20","slug":"125-jahre-cgm-jubilaeumsfeier-des-bezirkes-herrenberg-boeblingen","status":"publish","type":"post","link":"https:\/\/cgm-bw.de\/?p=1404","title":{"rendered":"125 Jahre CGM&#8230;Jubil\u00e4umsfeier des Bezirkes Herrenberg\/B\u00f6blingen"},"content":{"rendered":"\n<p class=\"has-text-align-center\"><strong>\u201eWo kommen wir her &#8211; wo wollen wir hin\u201c<br><\/strong><br><\/p>\n\n\n\n<figure class=\"wp-block-image aligncenter size-large is-resized\"><img loading=\"lazy\" decoding=\"async\" width=\"1024\" height=\"1024\" src=\"https:\/\/cgm-bw.de\/wp-content\/uploads\/2024\/10\/Feier-4er-1024x1024.jpg\" alt=\"\" class=\"wp-image-1412\" style=\"width:713px;height:auto\" srcset=\"https:\/\/cgm-bw.de\/wp-content\/uploads\/2024\/10\/Feier-4er-1024x1024.jpg 1024w, https:\/\/cgm-bw.de\/wp-content\/uploads\/2024\/10\/Feier-4er-300x300.jpg 300w, https:\/\/cgm-bw.de\/wp-content\/uploads\/2024\/10\/Feier-4er-150x150.jpg 150w, https:\/\/cgm-bw.de\/wp-content\/uploads\/2024\/10\/Feier-4er-2000x2000.jpg 2000w, https:\/\/cgm-bw.de\/wp-content\/uploads\/2024\/10\/Feier-4er.jpg 2048w\" sizes=\"auto, (max-width: 1024px) 100vw, 1024px\" \/><\/figure>\n\n\n\n<p>Der Bezirk Herrenberg\/B\u00f6blingen hatte am 20.10.2024 zur 125-Jahrfeier der CGM ins Gemeindehaus St. Anna in Maichingen eingeladen. Mit rund 100 G\u00e4sten startete die Feier mit einem Sektempfang. Dirk Junger, Bezirksvorsitzender Herrenberg\/B\u00f6blingen begr\u00fc\u00dfte die G\u00e4ste und hie\u00df alle herzlich willkommen. Er freute sich \u00fcber das zahlreiche Erscheinen, der eingeladenen Mitglieder, Vertrauensleute, sowie Ehreng\u00e4ste und befreundete Bezirke, und Landesverb\u00e4nde. Als Ehreng\u00e4ste nahmen der ehemalige Bezirksvorsitzende Paul Zechmeister, der ehemalige Bundesvorsitzende Reiner Jahns, der Landesvorsitzende Rheinland-Pfalz Dieter W\u00fcnstel mit Ehefrau teil. Des Weiteren der amtierende Landesvorsitzende Ralf Holten, der sein Gru\u00dfwort an die G\u00e4ste richtete: Die CGM kann stolz auf ihr 125- j\u00e4hriges Bestehen sein. Danach richtete Robert Sommer, Gesch\u00e4ftsf\u00fchrer der Gesch\u00e4ftsstelle in Sindelfingen sein Wort an die anwesenden G\u00e4ste. Seine Kernbotschaft: Gewerkschaften m\u00fcssten sich deutlicher positionieren. Wir wollen wieder hin zu einer sozialeren und gerechteren Arbeitswelt.<\/p>\n\n\n\n<p>Danach richtete Marc Biadacz, Bundestagsabgeordneter der CDU, sein Gru\u00dfwort an die G\u00e4ste. Er bedankte sich f\u00fcr die Einladung und betonte die Wichtigkeit der Gewerkschaften. Ohne den Einsatz der ehrenamtlichen T\u00e4tigkeiten w\u00e4re Deutschland heute nicht da, wo es heute steht. Politik und Gewerkschaften m\u00fcssen eng zusammenarbeiten, um den Wirtschaftsstandort Deutschland in Europa zu st\u00e4rken.<\/p>\n\n\n\n<figure class=\"wp-block-image aligncenter size-large is-resized\"><img loading=\"lazy\" decoding=\"async\" width=\"968\" height=\"1024\" src=\"https:\/\/cgm-bw.de\/wp-content\/uploads\/2024\/10\/TFF_-107-2-968x1024.jpg\" alt=\"\" class=\"wp-image-1411\" style=\"width:357px;height:auto\" srcset=\"https:\/\/cgm-bw.de\/wp-content\/uploads\/2024\/10\/TFF_-107-2-968x1024.jpg 968w, https:\/\/cgm-bw.de\/wp-content\/uploads\/2024\/10\/TFF_-107-2-283x300.jpg 283w, https:\/\/cgm-bw.de\/wp-content\/uploads\/2024\/10\/TFF_-107-2-2000x2116.jpg 2000w\" sizes=\"auto, (max-width: 968px) 100vw, 968px\" \/><\/figure>\n\n\n\n<p>Ein weiterer Ehrengast war der Vorsitzende des Maichinger CDU-Ortsverbandes Dr. Michael Ciesla, der sich ebenfalls \u00fcber die Einladung gefreut hat. Er war stolz, dass die Feierlichkeiten im Blauen Haus in Maichingen stattfand.<\/p>\n\n\n\n<p>Im Zuge der Feierlichkeiten konnte der Bezirk zwei langj\u00e4hrige und treue Kollegen mit der Franz-Wieber-Medaille auszeichnen, die f\u00fcr besondere Verdienste in der Gewerkschaft verliehen wird. Der Landesvorsitzende Ralf Holten ehrte J\u00fcrgen Stahl, ehemaliger Bezirksvorsitzende\/ehemaliges Hauptvorstandsmitglied, um einige \u00c4mter zu nennen. Eine weitere Ehrung erfolgte f\u00fcr Nuno Manuel Da Silva, ehemaliger, langj\u00e4hriger Vertrauensmann, der leider nicht pers\u00f6nlich an der Feier teilnehmen konnte.<\/p>\n\n\n\n<figure class=\"wp-block-image aligncenter size-large is-resized\"><img loading=\"lazy\" decoding=\"async\" width=\"1024\" height=\"683\" src=\"https:\/\/cgm-bw.de\/wp-content\/uploads\/2024\/10\/IMG_5673cgm-metal50-1024x683.jpg\" alt=\"\" class=\"wp-image-1405\" style=\"width:489px;height:auto\" srcset=\"https:\/\/cgm-bw.de\/wp-content\/uploads\/2024\/10\/IMG_5673cgm-metal50-1024x683.jpg 1024w, https:\/\/cgm-bw.de\/wp-content\/uploads\/2024\/10\/IMG_5673cgm-metal50-300x200.jpg 300w, https:\/\/cgm-bw.de\/wp-content\/uploads\/2024\/10\/IMG_5673cgm-metal50-2000x1333.jpg 2000w\" sizes=\"auto, (max-width: 1024px) 100vw, 1024px\" \/><\/figure>\n\n\n\n<p>Ein weiterer H\u00f6hepunkt war die Bezirksfahnenehrung. Der ehemalige Bezirksvorsitzende Paul Zechmeister hatte die Ehre, das Fahnenband zum 125-j\u00e4hrigem Jubil\u00e4um anzubringen.<\/p>\n\n\n\n<figure class=\"wp-block-image aligncenter size-large is-resized\"><img loading=\"lazy\" decoding=\"async\" width=\"1024\" height=\"1024\" src=\"https:\/\/cgm-bw.de\/wp-content\/uploads\/2024\/10\/Fahnenehrung-1024x1024.jpg\" alt=\"\" class=\"wp-image-1408\" style=\"width:458px;height:auto\" srcset=\"https:\/\/cgm-bw.de\/wp-content\/uploads\/2024\/10\/Fahnenehrung-1024x1024.jpg 1024w, https:\/\/cgm-bw.de\/wp-content\/uploads\/2024\/10\/Fahnenehrung-300x300.jpg 300w, https:\/\/cgm-bw.de\/wp-content\/uploads\/2024\/10\/Fahnenehrung-150x150.jpg 150w, https:\/\/cgm-bw.de\/wp-content\/uploads\/2024\/10\/Fahnenehrung-2000x2000.jpg 2000w, https:\/\/cgm-bw.de\/wp-content\/uploads\/2024\/10\/Fahnenehrung.jpg 2048w\" sizes=\"auto, (max-width: 1024px) 100vw, 1024px\" \/><\/figure>\n\n\n\n<p>Dirk Junger, Bezirksvorsitzender Herrenberg\/B\u00f6blingen, der den Vormittag durch das Programm f\u00fchrte, freute sich sehr \u00fcber das Engagement innerhalb des Bezirks. Besonderen Dank galt seinem Team Martina Sch\u00f6ck, J\u00fcrgen Stahl, Vedat Eren und Ralf Heinkele, die gemeinsam mit ihm die Feier organisiert hatten. Ebenfalls lobte er alle, die am Abend vorher tatkr\u00e4ftig mit angepackt hatten. Das ist heutzutage nicht mehr selbstverst\u00e4ndlich. Im Anschluss an all die Reden und Gl\u00fcckw\u00fcnsche konnte Dirk Junger das bereits aufgebaute Mittagsbuffet er\u00f6ffnen und w\u00fcnschte allen zusammen einen angenehmen Tag im Kreise der CGM und guten Appetit.<\/p>\n\n\n\n<figure class=\"wp-block-image aligncenter size-large is-resized\"><img loading=\"lazy\" decoding=\"async\" width=\"1024\" height=\"593\" src=\"https:\/\/cgm-bw.de\/wp-content\/uploads\/2024\/10\/Gruppe-1024x593.jpg\" alt=\"\" class=\"wp-image-1413\" style=\"width:789px;height:auto\" srcset=\"https:\/\/cgm-bw.de\/wp-content\/uploads\/2024\/10\/Gruppe-1024x593.jpg 1024w, https:\/\/cgm-bw.de\/wp-content\/uploads\/2024\/10\/Gruppe-300x174.jpg 300w, https:\/\/cgm-bw.de\/wp-content\/uploads\/2024\/10\/Gruppe-2000x1158.jpg 2000w\" sizes=\"auto, (max-width: 1024px) 100vw, 1024px\" \/><\/figure>\n\n\n\n<p><em>Wir k\u00f6nnen uns heute selbst feiern und lassen es uns gemeinsam gut gehen!<\/em><\/p>\n\n\n\n<p><\/p>\n","protected":false},"excerpt":{"rendered":"<p>\u201eWo kommen wir her &#8211; wo wollen wir hin\u201c Der Bezirk Herrenberg\/B\u00f6blingen hatte am 20.10.2024 zur 125-Jahrfeier der CGM ins Gemeindehaus St. Anna in Maichingen eingeladen. Mit rund 100 G\u00e4sten startete die Feier mit einem Sektempfang. Dirk Junger, Bezirksvorsitzender Herrenberg\/B\u00f6blingen begr\u00fc\u00dfte die G\u00e4ste und hie\u00df alle herzlich willkommen. Er freute sich \u00fcber das zahlreiche Erscheinen, &hellip; <\/p>\n<p class=\"link-more\"><a href=\"https:\/\/cgm-bw.de\/?p=1404\" class=\"more-link\">Mehr <span class=\"screen-reader-text\">\u00fcber &#8222;125 Jahre CGM&#8230;Jubil\u00e4umsfeier des Bezirkes Herrenberg\/B\u00f6blingen&#8220; <\/span>Lesen<\/a><\/p>\n","protected":false},"author":11,"featured_media":0,"comment_status":"open","ping_status":"open","sticky":false,"template":"","format":"standard","meta":{"footnotes":""},"categories":[1,9,23,16,20],"tags":[60,57,58],"class_list":["post-1404","post","type-post","status-publish","format-standard","hentry","category-cgmbw_de","category-herrenberg-boeblingen","category-duesseldorf","category-mercedes-benz","category-sindelfingen","tag-125-jahre","tag-cgm","tag-gewerkschaft"],"_links":{"self":[{"href":"https:\/\/cgm-bw.de\/index.php?rest_route=\/wp\/v2\/posts\/1404","targetHints":{"allow":["GET"]}}],"collection":[{"href":"https:\/\/cgm-bw.de\/index.php?rest_route=\/wp\/v2\/posts"}],"about":[{"href":"https:\/\/cgm-bw.de\/index.php?rest_route=\/wp\/v2\/types\/post"}],"author":[{"embeddable":true,"href":"https:\/\/cgm-bw.de\/index.php?rest_route=\/wp\/v2\/users\/11"}],"replies":[{"embeddable":true,"href":"https:\/\/cgm-bw.de\/index.php?rest_route=%2Fwp%2Fv2%2Fcomments&post=1404"}],"version-history":[{"count":3,"href":"https:\/\/cgm-bw.de\/index.php?rest_route=\/wp\/v2\/posts\/1404\/revisions"}],"predecessor-version":[{"id":1416,"href":"https:\/\/cgm-bw.de\/index.php?rest_route=\/wp\/v2\/posts\/1404\/revisions\/1416"}],"wp:attachment":[{"href":"https:\/\/cgm-bw.de\/index.php?rest_route=%2Fwp%2Fv2%2Fmedia&parent=1404"}],"wp:term":[{"taxonomy":"category","embeddable":true,"href":"https:\/\/cgm-bw.de\/index.php?rest_route=%2Fwp%2Fv2%2Fcategories&post=1404"},{"taxonomy":"post_tag","embeddable":true,"href":"https:\/\/cgm-bw.de\/index.php?rest_route=%2Fwp%2Fv2%2Ftags&post=1404"}],"curies":[{"name":"wp","href":"https:\/\/api.w.org\/{rel}","templated":true}]}}