{"id":1422,"date":"2024-12-07T09:20:28","date_gmt":"2024-12-07T08:20:28","guid":{"rendered":"https:\/\/cgm-bw.de\/?p=1422"},"modified":"2024-12-05T11:47:32","modified_gmt":"2024-12-05T10:47:32","slug":"jahresendfeier-des-bezirksverbands-stuttgart","status":"publish","type":"post","link":"https:\/\/cgm-bw.de\/?p=1422","title":{"rendered":"Jahresendfeier des Bezirksverbands Stuttgart"},"content":{"rendered":"\n<figure class=\"wp-block-image aligncenter size-full\"><img loading=\"lazy\" decoding=\"async\" width=\"600\" height=\"246\" src=\"https:\/\/cgm-bw.de\/wp-content\/uploads\/2024\/12\/Feier.jpg\" alt=\"\" class=\"wp-image-1428\" srcset=\"https:\/\/cgm-bw.de\/wp-content\/uploads\/2024\/12\/Feier.jpg 600w, https:\/\/cgm-bw.de\/wp-content\/uploads\/2024\/12\/Feier-300x123.jpg 300w\" sizes=\"auto, (max-width: 600px) 100vw, 600px\" \/><\/figure>\n\n\n\n<p class=\"has-text-align-left\"><br><strong>Als vorgezogene Jahresendfeier und anl\u00e4sslich des 125-j\u00e4hrigen Jubil\u00e4ums der CGM im vergangenen Oktober hat der Bezirksverband Stuttgart am 15. November 2024 zu einer Feier in den Sonnenbesen der Familie Zai\u00df in Untert\u00fcrkheim eingeladen.<\/strong><br><br>Neben den Jubilaren, Gesch\u00e4ftsf\u00fchrer Joachim M\u00fcller und dem Bezirksvorstand wurden auch G\u00e4ste aus dem benachbarten Bezirk Herrenberg-B\u00f6blingen begr\u00fc\u00dft. Unter den G\u00e4sten waren sowohl der Landesvorsitzende von Baden-W\u00fcrttemberg Ralf Holten, als auch die Hauptvorstandsmitglieder Konstanze Hubert und Dirk Junger.<br><br>Im gem\u00fctlichen Rahmen wurden die langj\u00e4hrigen Mitglieder vom Bezirksvorsitzenden Daniel Flaccus geehrt. Neben der Urkunde und der Ehrennadel erhielten die Ehrentr\u00e4ger auch eine Flasche des \u201eCGM-Jubil\u00e4ums-Weins\u201c. Daraufhin wurde bei gutem Wein und noch besserem Essen die Gelegenheit, sich Funktions- und Bezirks\u00fcbergreifend zu unterhalten, ausgiebig genutzt. Dabei wurden auch die ein oder andere Anekdote aus den vergangenen 125 Jahren CGM erz\u00e4hlt \u2013 und auf jeden Fall \u00fcber die Zukunft der CGM diskutiert.<br><\/p>\n\n\n\n<figure class=\"wp-block-gallery aligncenter has-nested-images columns-4 wp-block-gallery-1 is-layout-flex wp-block-gallery-is-layout-flex\">\n<figure class=\"wp-block-image size-full\"><img loading=\"lazy\" decoding=\"async\" width=\"600\" height=\"600\" data-id=\"1427\" src=\"https:\/\/cgm-bw.de\/wp-content\/uploads\/2024\/12\/Uebergabe.jpg\" alt=\"\" class=\"wp-image-1427\" srcset=\"https:\/\/cgm-bw.de\/wp-content\/uploads\/2024\/12\/Uebergabe.jpg 600w, https:\/\/cgm-bw.de\/wp-content\/uploads\/2024\/12\/Uebergabe-300x300.jpg 300w, https:\/\/cgm-bw.de\/wp-content\/uploads\/2024\/12\/Uebergabe-150x150.jpg 150w\" sizes=\"auto, (max-width: 600px) 100vw, 600px\" \/><figcaption class=\"wp-element-caption\">Daniel Flaccus und ein<br>geehrtes Mitglied bei der \u00dcbergabe<br>des CGM Jubil\u00e4umweins<\/figcaption><\/figure>\n\n\n\n<figure class=\"wp-block-image size-large\"><img loading=\"lazy\" decoding=\"async\" width=\"600\" height=\"600\" data-id=\"1424\" src=\"https:\/\/cgm-bw.de\/wp-content\/uploads\/2024\/12\/Knuth.jpg\" alt=\"\" class=\"wp-image-1424\" srcset=\"https:\/\/cgm-bw.de\/wp-content\/uploads\/2024\/12\/Knuth.jpg 600w, https:\/\/cgm-bw.de\/wp-content\/uploads\/2024\/12\/Knuth-300x300.jpg 300w, https:\/\/cgm-bw.de\/wp-content\/uploads\/2024\/12\/Knuth-150x150.jpg 150w\" sizes=\"auto, (max-width: 600px) 100vw, 600px\" \/><figcaption class=\"wp-element-caption\">Einer der geehrten Kollegen,<br>Knuth Schimanski<\/figcaption><\/figure>\n\n\n\n<figure class=\"wp-block-image size-full\"><img loading=\"lazy\" decoding=\"async\" width=\"600\" height=\"600\" data-id=\"1423\" src=\"https:\/\/cgm-bw.de\/wp-content\/uploads\/2024\/12\/Danke-Nicole.jpg\" alt=\"\" class=\"wp-image-1423\" srcset=\"https:\/\/cgm-bw.de\/wp-content\/uploads\/2024\/12\/Danke-Nicole.jpg 600w, https:\/\/cgm-bw.de\/wp-content\/uploads\/2024\/12\/Danke-Nicole-300x300.jpg 300w, https:\/\/cgm-bw.de\/wp-content\/uploads\/2024\/12\/Danke-Nicole-150x150.jpg 150w\" sizes=\"auto, (max-width: 600px) 100vw, 600px\" \/><figcaption class=\"wp-element-caption\">Daniel Flaccus bedankt sich bei Nicole Heinkele f\u00fcr die gute Zusammenarbeit<\/figcaption><\/figure>\n\n\n\n<figure class=\"wp-block-image size-large\"><img loading=\"lazy\" decoding=\"async\" width=\"600\" height=\"600\" data-id=\"1426\" src=\"https:\/\/cgm-bw.de\/wp-content\/uploads\/2024\/12\/Teilnehmer.jpg\" alt=\"\" class=\"wp-image-1426\" srcset=\"https:\/\/cgm-bw.de\/wp-content\/uploads\/2024\/12\/Teilnehmer.jpg 600w, https:\/\/cgm-bw.de\/wp-content\/uploads\/2024\/12\/Teilnehmer-300x300.jpg 300w, https:\/\/cgm-bw.de\/wp-content\/uploads\/2024\/12\/Teilnehmer-150x150.jpg 150w\" sizes=\"auto, (max-width: 600px) 100vw, 600px\" \/><figcaption class=\"wp-element-caption\">Die G\u00e4ste der Feier in regem Austausch<\/figcaption><\/figure>\n<\/figure>\n\n\n\n<p><br><br><\/p>\n","protected":false},"excerpt":{"rendered":"<p>Als vorgezogene Jahresendfeier und anl\u00e4sslich des 125-j\u00e4hrigen Jubil\u00e4ums der CGM im vergangenen Oktober hat der Bezirksverband Stuttgart am 15. November 2024 zu einer Feier in den Sonnenbesen der Familie Zai\u00df in Untert\u00fcrkheim eingeladen. Neben den Jubilaren, Gesch\u00e4ftsf\u00fchrer Joachim M\u00fcller und dem Bezirksvorstand wurden auch G\u00e4ste aus dem benachbarten Bezirk Herrenberg-B\u00f6blingen begr\u00fc\u00dft. Unter den G\u00e4sten waren &hellip; <\/p>\n<p class=\"link-more\"><a href=\"https:\/\/cgm-bw.de\/?p=1422\" class=\"more-link\">Mehr <span class=\"screen-reader-text\">\u00fcber &#8222;Jahresendfeier des Bezirksverbands Stuttgart&#8220; <\/span>Lesen<\/a><\/p>\n","protected":false},"author":16,"featured_media":0,"comment_status":"open","ping_status":"open","sticky":false,"template":"","format":"standard","meta":{"footnotes":""},"categories":[9,5],"tags":[],"class_list":["post-1422","post","type-post","status-publish","format-standard","hentry","category-herrenberg-boeblingen","category-stuttgart"],"_links":{"self":[{"href":"https:\/\/cgm-bw.de\/index.php?rest_route=\/wp\/v2\/posts\/1422","targetHints":{"allow":["GET"]}}],"collection":[{"href":"https:\/\/cgm-bw.de\/index.php?rest_route=\/wp\/v2\/posts"}],"about":[{"href":"https:\/\/cgm-bw.de\/index.php?rest_route=\/wp\/v2\/types\/post"}],"author":[{"embeddable":true,"href":"https:\/\/cgm-bw.de\/index.php?rest_route=\/wp\/v2\/users\/16"}],"replies":[{"embeddable":true,"href":"https:\/\/cgm-bw.de\/index.php?rest_route=%2Fwp%2Fv2%2Fcomments&post=1422"}],"version-history":[{"count":2,"href":"https:\/\/cgm-bw.de\/index.php?rest_route=\/wp\/v2\/posts\/1422\/revisions"}],"predecessor-version":[{"id":1435,"href":"https:\/\/cgm-bw.de\/index.php?rest_route=\/wp\/v2\/posts\/1422\/revisions\/1435"}],"wp:attachment":[{"href":"https:\/\/cgm-bw.de\/index.php?rest_route=%2Fwp%2Fv2%2Fmedia&parent=1422"}],"wp:term":[{"taxonomy":"category","embeddable":true,"href":"https:\/\/cgm-bw.de\/index.php?rest_route=%2Fwp%2Fv2%2Fcategories&post=1422"},{"taxonomy":"post_tag","embeddable":true,"href":"https:\/\/cgm-bw.de\/index.php?rest_route=%2Fwp%2Fv2%2Ftags&post=1422"}],"curies":[{"name":"wp","href":"https:\/\/api.w.org\/{rel}","templated":true}]}}