{"id":1441,"date":"2025-01-22T15:02:25","date_gmt":"2025-01-22T14:02:25","guid":{"rendered":"https:\/\/cgm-bw.de\/?p=1441"},"modified":"2025-01-22T15:07:49","modified_gmt":"2025-01-22T14:07:49","slug":"gasexplosion-auf-dem-firmengelaende-bei-bosch-in-reutlingen","status":"publish","type":"post","link":"https:\/\/cgm-bw.de\/?p=1441","title":{"rendered":"Gasexplosion auf dem Firmengel\u00e4nde bei Bosch in Reutlingen"},"content":{"rendered":"\n<p><\/p>\n\n\n\n<p class=\"has-text-align-center\">Mit Schrecken haben wir vernommen, dass es zu einem tragischen Unfall<\/p>\n\n\n\n<p class=\"has-text-align-center\">mit Todesfolge bei Bosch Reutlingen gekommen ist.<\/p>\n\n\n\n<p class=\"has-text-align-center\">Die Ursache und Hintergr\u00fcnde sind derzeit noch nicht bekannt. Es laufen die Ermittlungen zum Unfallhergang.<\/p>\n\n\n\n<p class=\"has-text-align-center\">Unser besonderer Dank gilt den Rettungs- und Einsatzkr\u00e4ften.<\/p>\n\n\n\n<p class=\"has-text-align-center\">Ebenso gilt unser Mitgef\u00fchl den verungl\u00fcckten Kollegen*innen, sowie deren Familien und Angeh\u00f6rigen.<\/p>\n\n\n\n<p class=\"has-text-align-center\">Christliche Gewerkschaft Metall Bezirksverband Reutlingen-Zollernalb und Betriebsgruppe Bosch Reutlingen.<\/p>\n\n\n\n<p><\/p>\n","protected":false},"excerpt":{"rendered":"<p>Mit Schrecken haben wir vernommen, dass es zu einem tragischen Unfall mit Todesfolge bei Bosch Reutlingen gekommen ist. Die Ursache und Hintergr\u00fcnde sind derzeit noch nicht bekannt. Es laufen die Ermittlungen zum Unfallhergang. Unser besonderer Dank gilt den Rettungs- und Einsatzkr\u00e4ften. Ebenso gilt unser Mitgef\u00fchl den verungl\u00fcckten Kollegen*innen, sowie deren Familien und Angeh\u00f6rigen. Christliche Gewerkschaft &hellip; <\/p>\n<p class=\"link-more\"><a href=\"https:\/\/cgm-bw.de\/?p=1441\" class=\"more-link\">Mehr <span class=\"screen-reader-text\">\u00fcber &#8222;Gasexplosion auf dem Firmengel\u00e4nde bei Bosch in Reutlingen&#8220; <\/span>Lesen<\/a><\/p>\n","protected":false},"author":11,"featured_media":0,"comment_status":"open","ping_status":"open","sticky":false,"template":"","format":"standard","meta":{"footnotes":""},"categories":[1,10],"tags":[],"class_list":["post-1441","post","type-post","status-publish","format-standard","hentry","category-cgmbw_de","category-reutlingen-zollernalb"],"_links":{"self":[{"href":"https:\/\/cgm-bw.de\/index.php?rest_route=\/wp\/v2\/posts\/1441","targetHints":{"allow":["GET"]}}],"collection":[{"href":"https:\/\/cgm-bw.de\/index.php?rest_route=\/wp\/v2\/posts"}],"about":[{"href":"https:\/\/cgm-bw.de\/index.php?rest_route=\/wp\/v2\/types\/post"}],"author":[{"embeddable":true,"href":"https:\/\/cgm-bw.de\/index.php?rest_route=\/wp\/v2\/users\/11"}],"replies":[{"embeddable":true,"href":"https:\/\/cgm-bw.de\/index.php?rest_route=%2Fwp%2Fv2%2Fcomments&post=1441"}],"version-history":[{"count":2,"href":"https:\/\/cgm-bw.de\/index.php?rest_route=\/wp\/v2\/posts\/1441\/revisions"}],"predecessor-version":[{"id":1443,"href":"https:\/\/cgm-bw.de\/index.php?rest_route=\/wp\/v2\/posts\/1441\/revisions\/1443"}],"wp:attachment":[{"href":"https:\/\/cgm-bw.de\/index.php?rest_route=%2Fwp%2Fv2%2Fmedia&parent=1441"}],"wp:term":[{"taxonomy":"category","embeddable":true,"href":"https:\/\/cgm-bw.de\/index.php?rest_route=%2Fwp%2Fv2%2Fcategories&post=1441"},{"taxonomy":"post_tag","embeddable":true,"href":"https:\/\/cgm-bw.de\/index.php?rest_route=%2Fwp%2Fv2%2Ftags&post=1441"}],"curies":[{"name":"wp","href":"https:\/\/api.w.org\/{rel}","templated":true}]}}