{"id":1451,"date":"2025-03-28T15:03:37","date_gmt":"2025-03-28T14:03:37","guid":{"rendered":"https:\/\/cgm-bw.de\/?p=1451"},"modified":"2025-04-16T12:10:59","modified_gmt":"2025-04-16T10:10:59","slug":"erster-schlagabtausch-im-sindelfinger-ob-wahlkampf","status":"publish","type":"post","link":"https:\/\/cgm-bw.de\/?p=1451","title":{"rendered":"Erster Schlagabtausch im Sindelfinger OB-Wahlkampf!"},"content":{"rendered":"\n<p>Die Gesch\u00e4ftsstelle Sindelfingen Stand am 26.03. 2025 im Mittelpunkt zum Auftakt der kommenden OB-Wahl im Mai diesen Jahres.<\/p>\n\n\n\n<figure class=\"wp-block-image aligncenter size-large is-resized\"><img loading=\"lazy\" decoding=\"async\" width=\"1024\" height=\"669\" src=\"https:\/\/cgm-bw.de\/wp-content\/uploads\/2025\/03\/SZBZ-1024x669.jpg\" alt=\"\" class=\"wp-image-1452\" style=\"width:718px;height:auto\" srcset=\"https:\/\/cgm-bw.de\/wp-content\/uploads\/2025\/03\/SZBZ-1024x669.jpg 1024w, https:\/\/cgm-bw.de\/wp-content\/uploads\/2025\/03\/SZBZ-300x196.jpg 300w, https:\/\/cgm-bw.de\/wp-content\/uploads\/2025\/03\/SZBZ.jpg 1112w\" sizes=\"auto, (max-width: 1024px) 100vw, 1024px\" \/><\/figure>\n\n\n\n<p class=\"has-text-align-center\">Von Links: Markus Kleemann \/ Max Reinhardt \/ Dirk Junger<\/p>\n\n\n\n<p class=\"has-text-align-center has-x-small-font-size\">Bild Quelle: Staber Sindelfinger\/B\u00f6blinger Zeitung vom Freitag, 28. M\u00e4rz 2025<\/p>\n\n\n\n<p>Als G\u00e4ste der Podiumsdiskussion durften wir Marc Biadacz, MdB und Paul Nemeth, Ehrenmitglied der CGM, in der Gesch\u00e4ftsstelle Sindelfingen Begr\u00fc\u00dfen.<\/p>\n\n\n\n<figure class=\"wp-block-image aligncenter size-large is-resized\"><img loading=\"lazy\" decoding=\"async\" width=\"768\" height=\"1024\" src=\"https:\/\/cgm-bw.de\/wp-content\/uploads\/2025\/03\/IMG_4251-768x1024.jpg\" alt=\"\" class=\"wp-image-1453\" style=\"width:393px;height:auto\" srcset=\"https:\/\/cgm-bw.de\/wp-content\/uploads\/2025\/03\/IMG_4251-768x1024.jpg 768w, https:\/\/cgm-bw.de\/wp-content\/uploads\/2025\/03\/IMG_4251-225x300.jpg 225w, https:\/\/cgm-bw.de\/wp-content\/uploads\/2025\/03\/IMG_4251-2000x2667.jpg 2000w, https:\/\/cgm-bw.de\/wp-content\/uploads\/2025\/03\/IMG_4251-scaled.jpg 1920w\" sizes=\"auto, (max-width: 768px) 100vw, 768px\" \/><figcaption class=\"wp-element-caption\">Marc Biadacz \/ Paul Nemeth<\/figcaption><\/figure>\n\n\n\n<div class=\"wp-block-cover\" style=\"min-height:858px;aspect-ratio:unset;\"><span aria-hidden=\"true\" class=\"wp-block-cover__background has-background-dim\"><\/span><img loading=\"lazy\" decoding=\"async\" width=\"768\" height=\"1024\" class=\"wp-block-cover__image-background wp-image-1459\" alt=\"\" src=\"https:\/\/cgm-bw.de\/wp-content\/uploads\/2025\/03\/IMG_4247-2-768x1024.jpg\" data-object-fit=\"cover\" srcset=\"https:\/\/cgm-bw.de\/wp-content\/uploads\/2025\/03\/IMG_4247-2-768x1024.jpg 768w, https:\/\/cgm-bw.de\/wp-content\/uploads\/2025\/03\/IMG_4247-2-225x300.jpg 225w, https:\/\/cgm-bw.de\/wp-content\/uploads\/2025\/03\/IMG_4247-2-2000x2667.jpg 2000w, https:\/\/cgm-bw.de\/wp-content\/uploads\/2025\/03\/IMG_4247-2-scaled.jpg 1920w\" sizes=\"auto, (max-width: 768px) 100vw, 768px\" \/><div class=\"wp-block-cover__inner-container is-layout-flow wp-block-cover-is-layout-flow\">\n<p class=\"has-text-align-center has-large-font-size\"><\/p>\n\n\n\n<figure class=\"wp-block-image size-large is-resized\"><img loading=\"lazy\" decoding=\"async\" width=\"768\" height=\"1024\" src=\"https:\/\/cgm-bw.de\/wp-content\/uploads\/2025\/03\/IMG_4259-2-768x1024.jpg\" alt=\"\" class=\"wp-image-1460\" style=\"width:344px;height:auto\" srcset=\"https:\/\/cgm-bw.de\/wp-content\/uploads\/2025\/03\/IMG_4259-2-768x1024.jpg 768w, https:\/\/cgm-bw.de\/wp-content\/uploads\/2025\/03\/IMG_4259-2-225x300.jpg 225w, https:\/\/cgm-bw.de\/wp-content\/uploads\/2025\/03\/IMG_4259-2-2000x2667.jpg 2000w, https:\/\/cgm-bw.de\/wp-content\/uploads\/2025\/03\/IMG_4259-2-scaled.jpg 1920w\" sizes=\"auto, (max-width: 768px) 100vw, 768px\" \/><\/figure>\n<\/div><\/div>\n\n\n\n<div class=\"wp-block-group has-global-padding is-layout-constrained wp-block-group-is-layout-constrained\">\n<div class=\"wp-block-columns is-layout-flex wp-container-core-columns-is-layout-28f84493 wp-block-columns-is-layout-flex\">\n<div class=\"wp-block-column is-layout-flow wp-block-column-is-layout-flow\" style=\"flex-basis:100%\">\n<div class=\"wp-block-columns is-layout-flex wp-container-core-columns-is-layout-28f84493 wp-block-columns-is-layout-flex\">\n<div class=\"wp-block-column is-layout-flow wp-block-column-is-layout-flow\" style=\"flex-basis:100%\">\n<figure class=\"wp-block-gallery has-nested-images columns-default is-cropped wp-block-gallery-1 is-layout-flex wp-block-gallery-is-layout-flex\"><\/figure>\n<\/div>\n<\/div>\n<\/div>\n<\/div>\n<\/div>\n\n\n\n<p>Alles in allem war es ein gelungener Abend. Beide Kandidaten haben sich souver\u00e4n geschlagen und haben alle gestellten Fragen plausibel beantwortet.<\/p>\n\n\n\n<figure class=\"wp-block-image aligncenter size-large is-resized\"><img loading=\"lazy\" decoding=\"async\" width=\"768\" height=\"1024\" src=\"https:\/\/cgm-bw.de\/wp-content\/uploads\/2025\/03\/IMG_4277-768x1024.jpg\" alt=\"\" class=\"wp-image-1469\" style=\"width:430px;height:auto\" srcset=\"https:\/\/cgm-bw.de\/wp-content\/uploads\/2025\/03\/IMG_4277-768x1024.jpg 768w, https:\/\/cgm-bw.de\/wp-content\/uploads\/2025\/03\/IMG_4277-225x300.jpg 225w, https:\/\/cgm-bw.de\/wp-content\/uploads\/2025\/03\/IMG_4277-2000x2667.jpg 2000w, https:\/\/cgm-bw.de\/wp-content\/uploads\/2025\/03\/IMG_4277-scaled.jpg 1920w\" sizes=\"auto, (max-width: 768px) 100vw, 768px\" \/><figcaption class=\"wp-element-caption\">Nicole Heinkele, Gesch\u00e4ftsf\u00fchrerin bedankt sich bei allen beteiligten.<\/figcaption><\/figure>\n\n\n\n<p><\/p>\n","protected":false},"excerpt":{"rendered":"<p>Die Gesch\u00e4ftsstelle Sindelfingen Stand am 26.03. 2025 im Mittelpunkt zum Auftakt der kommenden OB-Wahl im Mai diesen Jahres. Von Links: Markus Kleemann \/ Max Reinhardt \/ Dirk Junger Bild Quelle: Staber Sindelfinger\/B\u00f6blinger Zeitung vom Freitag, 28. M\u00e4rz 2025 Als G\u00e4ste der Podiumsdiskussion durften wir Marc Biadacz, MdB und Paul Nemeth, Ehrenmitglied der CGM, in der &hellip; <\/p>\n<p class=\"link-more\"><a href=\"https:\/\/cgm-bw.de\/?p=1451\" class=\"more-link\">Mehr <span class=\"screen-reader-text\">\u00fcber &#8222;Erster Schlagabtausch im Sindelfinger OB-Wahlkampf!&#8220; <\/span>Lesen<\/a><\/p>\n","protected":false},"author":11,"featured_media":0,"comment_status":"open","ping_status":"open","sticky":false,"template":"","format":"standard","meta":{"footnotes":""},"categories":[1,9],"tags":[],"class_list":["post-1451","post","type-post","status-publish","format-standard","hentry","category-cgmbw_de","category-herrenberg-boeblingen"],"_links":{"self":[{"href":"https:\/\/cgm-bw.de\/index.php?rest_route=\/wp\/v2\/posts\/1451","targetHints":{"allow":["GET"]}}],"collection":[{"href":"https:\/\/cgm-bw.de\/index.php?rest_route=\/wp\/v2\/posts"}],"about":[{"href":"https:\/\/cgm-bw.de\/index.php?rest_route=\/wp\/v2\/types\/post"}],"author":[{"embeddable":true,"href":"https:\/\/cgm-bw.de\/index.php?rest_route=\/wp\/v2\/users\/11"}],"replies":[{"embeddable":true,"href":"https:\/\/cgm-bw.de\/index.php?rest_route=%2Fwp%2Fv2%2Fcomments&post=1451"}],"version-history":[{"count":11,"href":"https:\/\/cgm-bw.de\/index.php?rest_route=\/wp\/v2\/posts\/1451\/revisions"}],"predecessor-version":[{"id":1483,"href":"https:\/\/cgm-bw.de\/index.php?rest_route=\/wp\/v2\/posts\/1451\/revisions\/1483"}],"wp:attachment":[{"href":"https:\/\/cgm-bw.de\/index.php?rest_route=%2Fwp%2Fv2%2Fmedia&parent=1451"}],"wp:term":[{"taxonomy":"category","embeddable":true,"href":"https:\/\/cgm-bw.de\/index.php?rest_route=%2Fwp%2Fv2%2Fcategories&post=1451"},{"taxonomy":"post_tag","embeddable":true,"href":"https:\/\/cgm-bw.de\/index.php?rest_route=%2Fwp%2Fv2%2Ftags&post=1451"}],"curies":[{"name":"wp","href":"https:\/\/api.w.org\/{rel}","templated":true}]}}