{"id":1485,"date":"2025-05-01T06:00:00","date_gmt":"2025-05-01T04:00:00","guid":{"rendered":"https:\/\/cgm-bw.de\/?p=1485"},"modified":"2025-04-30T13:55:30","modified_gmt":"2025-04-30T11:55:30","slug":"maiaufruf-2025-der-cgm","status":"publish","type":"post","link":"https:\/\/cgm-bw.de\/?p=1485","title":{"rendered":"Maiaufruf 2025 der CGM"},"content":{"rendered":"\n<figure class=\"wp-block-image aligncenter size-large is-resized\"><img loading=\"lazy\" decoding=\"async\" width=\"819\" height=\"1024\" src=\"https:\/\/cgm-bw.de\/wp-content\/uploads\/2025\/04\/2025-1.-Mai-4zu5-fuer-Instagram-819x1024.jpg\" alt=\"\" class=\"wp-image-1486\" style=\"width:auto;height:500px\" srcset=\"https:\/\/cgm-bw.de\/wp-content\/uploads\/2025\/04\/2025-1.-Mai-4zu5-fuer-Instagram-819x1024.jpg 819w, https:\/\/cgm-bw.de\/wp-content\/uploads\/2025\/04\/2025-1.-Mai-4zu5-fuer-Instagram-240x300.jpg 240w, https:\/\/cgm-bw.de\/wp-content\/uploads\/2025\/04\/2025-1.-Mai-4zu5-fuer-Instagram-2000x2500.jpg 2000w, https:\/\/cgm-bw.de\/wp-content\/uploads\/2025\/04\/2025-1.-Mai-4zu5-fuer-Instagram-scaled.jpg 2048w\" sizes=\"auto, (max-width: 819px) 100vw, 819px\" \/><\/figure>\n\n\n\n<h2 class=\"wp-block-heading has-text-align-center\">F\u00fcr eine Zukunft in Freiheit, Frieden<br>und sozialer Gerechtigkeit!<\/h2>\n\n\n\n<p>Die Christliche Gewerkschaft Metall schlie\u00dft sich dem Mai-Motto des CGB f\u00fcr 2025 an: &#8222;F\u00fcr eine Zukunft in Freiheit, Frieden und sozialer Gerechtigkeit!&#8220; Anl\u00e4sslich des diesj\u00e4hrigen Tag der Arbeit ver\u00f6ffentlicht der Bundesvorsitzende Sebastian Scheder folgenden Maiaufruf:<\/p>\n\n\n\n<blockquote class=\"wp-block-quote is-layout-flow wp-block-quote-is-layout-flow\">\n<p class=\"has-text-align-left\">Die Gegenwart ist gepr\u00e4gt von fundamentalen Br\u00fcchen und Umw\u00e4lzungen. Der von den USA losgetretene Zollkrieg versch\u00e4rft diese Lage noch. Gerade in diesen unsteten Zeiten kommt dem Lebensbereich der Erwerbst\u00e4tigkeit und damit dem \u201eTag der Arbeit\u201c eine gro\u00dfe Bedeutung zu. Der 1. Mai l\u00e4dt uns alle zur Besinnung auf den Wert und die W\u00fcrde der Arbeit ein. Nur in einer sozialen und gerechten Arbeitswelt l\u00e4sst sich eine starke und stabile Zukunft gestalten!<\/p>\n\n\n\n<p class=\"has-text-align-left\"><br>Um wirtschaftlichen Unsicherheiten und gesellschaftlichen Spaltungen zu begegnen, erfordert es solidarischer L\u00f6sungsans\u00e4tze. Unser diesj\u00e4hriger Maiaufruf steht deshalb unter dem Motto &#8222;F\u00fcr eine Zukunft in Freiheit, Frieden und sozialer Gerechtigkeit!&#8220;. Diese drei S\u00e4ulen sind f\u00fcr uns keine Tr\u00e4umereien oder blo\u00dfe Wunschvorstellungen. Sie sind grundlegende Prinzipien unserer Arbeit und unerl\u00e4ssliche Eckpfeiler einer Gesellschaft, die auf Solidarit\u00e4t und christlichen Werten beruht.<\/p>\n\n\n\n<p class=\"has-text-align-left\"><br>Gerade in wirtschaftlich und gesellschaftlich herausfordernden Zeiten ist ein starker und offener Dialog zwischen Interessenvertretern unerl\u00e4sslich. Als langj\u00e4hriger, erfahrener Sozialpartner werden wir gerne mitwirken, Deutschland wieder nach vorne zu bringen.<\/p>\n\n\n\n<p class=\"has-text-align-left\"><br>Die Arbeitswelt in Deutschland steht im Jahr 2025 vor einem rasanten Wandel, angetrieben von Digitalisierung und technologischem Fortschritt. Der demografische Wandel stellt ebenfalls unsere sozialen Systeme und die Arbeitswelt im Generellen vor gro\u00dfe Herausforderungen.<\/p>\n\n\n\n<p class=\"has-text-align-left\"><br>Die CGM steht f\u00fcr solidarische L\u00f6sungsans\u00e4tze und sozialpartnerschaftliches Vorgehen. Hierf\u00fcr werden wir auch weiterhin in Betrieben und Tarifvertr\u00e4gen k\u00e4mpfen.<\/p>\n\n\n\n<p class=\"has-text-align-left\"><br>Mit gewerkschaftlichen Gr\u00fc\u00dfen,<\/p>\n\n\n\n<p class=\"has-text-align-left\"><br>Sebastian Scheder<br>CGM-Bundesvorsitzender<\/p>\n<\/blockquote>\n\n\n\n<p><\/p>\n","protected":false},"excerpt":{"rendered":"<p>F\u00fcr eine Zukunft in Freiheit, Friedenund sozialer Gerechtigkeit! Die Christliche Gewerkschaft Metall schlie\u00dft sich dem Mai-Motto des CGB f\u00fcr 2025 an: &#8222;F\u00fcr eine Zukunft in Freiheit, Frieden und sozialer Gerechtigkeit!&#8220; Anl\u00e4sslich des diesj\u00e4hrigen Tag der Arbeit ver\u00f6ffentlicht der Bundesvorsitzende Sebastian Scheder folgenden Maiaufruf: Die Gegenwart ist gepr\u00e4gt von fundamentalen Br\u00fcchen und Umw\u00e4lzungen. Der von den &hellip; <\/p>\n<p class=\"link-more\"><a href=\"https:\/\/cgm-bw.de\/?p=1485\" class=\"more-link\">Mehr <span class=\"screen-reader-text\">\u00fcber &#8222;Maiaufruf 2025 der CGM&#8220; <\/span>Lesen<\/a><\/p>\n","protected":false},"author":16,"featured_media":0,"comment_status":"open","ping_status":"open","sticky":false,"template":"","format":"standard","meta":{"footnotes":""},"categories":[1],"tags":[],"class_list":["post-1485","post","type-post","status-publish","format-standard","hentry","category-cgmbw_de"],"_links":{"self":[{"href":"https:\/\/cgm-bw.de\/index.php?rest_route=\/wp\/v2\/posts\/1485","targetHints":{"allow":["GET"]}}],"collection":[{"href":"https:\/\/cgm-bw.de\/index.php?rest_route=\/wp\/v2\/posts"}],"about":[{"href":"https:\/\/cgm-bw.de\/index.php?rest_route=\/wp\/v2\/types\/post"}],"author":[{"embeddable":true,"href":"https:\/\/cgm-bw.de\/index.php?rest_route=\/wp\/v2\/users\/16"}],"replies":[{"embeddable":true,"href":"https:\/\/cgm-bw.de\/index.php?rest_route=%2Fwp%2Fv2%2Fcomments&post=1485"}],"version-history":[{"count":3,"href":"https:\/\/cgm-bw.de\/index.php?rest_route=\/wp\/v2\/posts\/1485\/revisions"}],"predecessor-version":[{"id":1489,"href":"https:\/\/cgm-bw.de\/index.php?rest_route=\/wp\/v2\/posts\/1485\/revisions\/1489"}],"wp:attachment":[{"href":"https:\/\/cgm-bw.de\/index.php?rest_route=%2Fwp%2Fv2%2Fmedia&parent=1485"}],"wp:term":[{"taxonomy":"category","embeddable":true,"href":"https:\/\/cgm-bw.de\/index.php?rest_route=%2Fwp%2Fv2%2Fcategories&post=1485"},{"taxonomy":"post_tag","embeddable":true,"href":"https:\/\/cgm-bw.de\/index.php?rest_route=%2Fwp%2Fv2%2Ftags&post=1485"}],"curies":[{"name":"wp","href":"https:\/\/api.w.org\/{rel}","templated":true}]}}