{"id":1552,"date":"2025-07-01T19:58:17","date_gmt":"2025-07-01T17:58:17","guid":{"rendered":"https:\/\/cgm-bw.de\/?p=1552"},"modified":"2025-07-01T19:59:34","modified_gmt":"2025-07-01T17:59:34","slug":"cgm-region-nordschwarzwald-bei-stadtjubilaeum-950-jahre-calw","status":"publish","type":"post","link":"https:\/\/cgm-bw.de\/?p=1552","title":{"rendered":"CGM-Region Nordschwarzwald bei Stadtjubil\u00e4um 950 Jahre Calw"},"content":{"rendered":"\n<p>Mit einem Info-Stand \u00fcber drei Tage stellte sich die Christliche Gewerkschaft Metall mit den beiden Bezirksverb\u00e4nden Herrenberg-B\u00f6blingen-Calw-Freudenstadt und Baden-Schwarzwald den Besucherinnen und Besuchern des Stadtfestes zum 950-j\u00e4hrigen Stadtjubil\u00e4um in Calw vor. Wir sind der Region seit mehr als 60 Jahren verbunden und vertreten die Interessen und Anliegen der Besch\u00e4ftigen in den Brachenbereichen Metall und Elektro sowie IT-Software in Industrie und Handwerk.<\/p>\n\n\n\n<figure class=\"wp-block-image size-full\"><img loading=\"lazy\" decoding=\"async\" width=\"640\" height=\"480\" src=\"https:\/\/cgm-bw.de\/wp-content\/uploads\/2025\/07\/IMG_5131.jpg\" alt=\"\" class=\"wp-image-1564\" srcset=\"https:\/\/cgm-bw.de\/wp-content\/uploads\/2025\/07\/IMG_5131.jpg 640w, https:\/\/cgm-bw.de\/wp-content\/uploads\/2025\/07\/IMG_5131-300x225.jpg 300w\" sizes=\"auto, (max-width: 640px) 100vw, 640px\" \/><\/figure>\n\n\n\n<p>An exponierter Stelle konnten sich alle auch \u00fcber besonderen Angebote und Unterst\u00fctzung z.B. f\u00fcr Jugendliche und Auszubildende im Bereich Berufsorientierung oder Ausbildungsbewertung mit den kompentenen Ansprechpartnern am Stand besprechen und vielf\u00e4ltige Erfahrungen austauschen.<\/p>\n\n\n\n<figure class=\"wp-block-image size-full\"><img loading=\"lazy\" decoding=\"async\" width=\"640\" height=\"480\" src=\"https:\/\/cgm-bw.de\/wp-content\/uploads\/2025\/07\/IMG_5147.jpg\" alt=\"\" class=\"wp-image-1565\" srcset=\"https:\/\/cgm-bw.de\/wp-content\/uploads\/2025\/07\/IMG_5147.jpg 640w, https:\/\/cgm-bw.de\/wp-content\/uploads\/2025\/07\/IMG_5147-300x225.jpg 300w\" sizes=\"auto, (max-width: 640px) 100vw, 640px\" \/><\/figure>\n\n\n\n<p>Der aktuelle Tarifabschluss im Fachbereich Heizung-Sanit\u00e4r-Klima (SHK-Handwerk) in Baden-W\u00fcrttemberg lag als Brosch\u00fcre und Handreichung aus. Aber auch schon auf die im Jahr 2026 anstehenden Betriebsratswahlen wurde hingewiesen. Welche Rolle dabei nach unseren Vorstellungen die Ber\u00fccksichtigung der Belange der Besch\u00e4ftigten zu finden haben, und in Zeiten der Transformation und des Besch\u00e4ftigungswandels die Sicherung von Arbeitspl\u00e4tzen mit und ohne Gewerkschaftszugeh\u00f6rigkeit bedeutet.<\/p>\n\n\n\n<figure class=\"wp-block-image size-full\"><img loading=\"lazy\" decoding=\"async\" width=\"480\" height=\"640\" src=\"https:\/\/cgm-bw.de\/wp-content\/uploads\/2025\/07\/IMG_5133-rotated.jpg\" alt=\"\" class=\"wp-image-1566\" srcset=\"https:\/\/cgm-bw.de\/wp-content\/uploads\/2025\/07\/IMG_5133-rotated.jpg 480w, https:\/\/cgm-bw.de\/wp-content\/uploads\/2025\/07\/IMG_5133-225x300.jpg 225w\" sizes=\"auto, (max-width: 480px) 100vw, 480px\" \/><\/figure>\n\n\n\n<p>Als anerkannten Tarifpartner in der Metall-und Elektroindustrie bieten wir den vollumf\u00e4nglichen Schutz mit allen Tarifinhalten sehen dabei den Menschen im Mittelpunkt &#8211; eben Pers\u00f6nlich. Menschlich. Nah.<\/p>\n\n\n\n<figure class=\"wp-block-image size-full\"><img loading=\"lazy\" decoding=\"async\" width=\"480\" height=\"640\" src=\"https:\/\/cgm-bw.de\/wp-content\/uploads\/2025\/07\/IMG_5138-rotated.jpg\" alt=\"\" class=\"wp-image-1563\" srcset=\"https:\/\/cgm-bw.de\/wp-content\/uploads\/2025\/07\/IMG_5138-rotated.jpg 480w, https:\/\/cgm-bw.de\/wp-content\/uploads\/2025\/07\/IMG_5138-225x300.jpg 225w\" sizes=\"auto, (max-width: 480px) 100vw, 480px\" \/><\/figure>\n\n\n\n<p>Vieleicht sieht man sich bei n\u00e4chster Gelegenheit &#8211; wieder. Sprechen Sie uns gerne an!<\/p>\n","protected":false},"excerpt":{"rendered":"<p>Mit einem Info-Stand \u00fcber drei Tage stellte sich die Christliche Gewerkschaft Metall mit den beiden Bezirksverb\u00e4nden Herrenberg-B\u00f6blingen-Calw-Freudenstadt und Baden-Schwarzwald den Besucherinnen und Besuchern des Stadtfestes zum 950-j\u00e4hrigen Stadtjubil\u00e4um in Calw vor. Wir sind der Region seit mehr als 60 Jahren verbunden und vertreten die Interessen und Anliegen der Besch\u00e4ftigen in den Brachenbereichen Metall und Elektro &hellip; <\/p>\n<p class=\"link-more\"><a href=\"https:\/\/cgm-bw.de\/?p=1552\" class=\"more-link\">Mehr <span class=\"screen-reader-text\">\u00fcber &#8222;CGM-Region Nordschwarzwald bei Stadtjubil\u00e4um 950 Jahre Calw&#8220; <\/span>Lesen<\/a><\/p>\n","protected":false},"author":15,"featured_media":0,"comment_status":"open","ping_status":"open","sticky":false,"template":"","format":"standard","meta":{"footnotes":""},"categories":[1],"tags":[],"class_list":["post-1552","post","type-post","status-publish","format-standard","hentry","category-cgmbw_de"],"_links":{"self":[{"href":"https:\/\/cgm-bw.de\/index.php?rest_route=\/wp\/v2\/posts\/1552","targetHints":{"allow":["GET"]}}],"collection":[{"href":"https:\/\/cgm-bw.de\/index.php?rest_route=\/wp\/v2\/posts"}],"about":[{"href":"https:\/\/cgm-bw.de\/index.php?rest_route=\/wp\/v2\/types\/post"}],"author":[{"embeddable":true,"href":"https:\/\/cgm-bw.de\/index.php?rest_route=\/wp\/v2\/users\/15"}],"replies":[{"embeddable":true,"href":"https:\/\/cgm-bw.de\/index.php?rest_route=%2Fwp%2Fv2%2Fcomments&post=1552"}],"version-history":[{"count":2,"href":"https:\/\/cgm-bw.de\/index.php?rest_route=\/wp\/v2\/posts\/1552\/revisions"}],"predecessor-version":[{"id":1569,"href":"https:\/\/cgm-bw.de\/index.php?rest_route=\/wp\/v2\/posts\/1552\/revisions\/1569"}],"wp:attachment":[{"href":"https:\/\/cgm-bw.de\/index.php?rest_route=%2Fwp%2Fv2%2Fmedia&parent=1552"}],"wp:term":[{"taxonomy":"category","embeddable":true,"href":"https:\/\/cgm-bw.de\/index.php?rest_route=%2Fwp%2Fv2%2Fcategories&post=1552"},{"taxonomy":"post_tag","embeddable":true,"href":"https:\/\/cgm-bw.de\/index.php?rest_route=%2Fwp%2Fv2%2Ftags&post=1552"}],"curies":[{"name":"wp","href":"https:\/\/api.w.org\/{rel}","templated":true}]}}