{"id":1626,"date":"2025-09-14T09:46:58","date_gmt":"2025-09-14T07:46:58","guid":{"rendered":"https:\/\/cgm-bw.de\/?p=1626"},"modified":"2025-09-14T10:59:11","modified_gmt":"2025-09-14T08:59:11","slug":"cda-sommerempfang-und-politische-begegnungen","status":"publish","type":"post","link":"https:\/\/cgm-bw.de\/?p=1626","title":{"rendered":"CDA-Sommerempfang 2025 und politische Begegnungen"},"content":{"rendered":"\n<p>CDU Spitzenkandidat Manuel Hagel mit klaren Bekenntnissen f\u00fcr den Erhalt der Arbeitspl\u00e4tze in Baden-W\u00fcrttemberg. Die Industrie muss produktiver werden und die Politik muss die Interessen der Arbeitnehmerinnen und Arbeitnehmer in den Vordergrund stellen. Soziale Gerechtigkeit speist sich f\u00fcr uns aus dem christlichen Menschenbild, so der CDA-Landesvorsitzende Dr. Christian B\u00e4umler.<\/p>\n\n\n\n<figure class=\"wp-block-image size-large\"><img loading=\"lazy\" decoding=\"async\" width=\"768\" height=\"1024\" src=\"https:\/\/cgm-bw.de\/wp-content\/uploads\/2025\/09\/e3414472-b1cb-43d1-a81c-cd8f25b7ef31-768x1024.jpg\" alt=\"\" class=\"wp-image-1625\" srcset=\"https:\/\/cgm-bw.de\/wp-content\/uploads\/2025\/09\/e3414472-b1cb-43d1-a81c-cd8f25b7ef31-768x1024.jpg 768w, https:\/\/cgm-bw.de\/wp-content\/uploads\/2025\/09\/e3414472-b1cb-43d1-a81c-cd8f25b7ef31-225x300.jpg 225w, https:\/\/cgm-bw.de\/wp-content\/uploads\/2025\/09\/e3414472-b1cb-43d1-a81c-cd8f25b7ef31-2000x2667.jpg 2000w, https:\/\/cgm-bw.de\/wp-content\/uploads\/2025\/09\/e3414472-b1cb-43d1-a81c-cd8f25b7ef31-scaled.jpg 1920w\" sizes=\"auto, (max-width: 768px) 100vw, 768px\" \/><\/figure>\n\n\n\n<p>Diese Grundmaxime ist Gr\u00fcndungsidee der Christlichen Gewerkschaft Metall (CGM) und schon immer deren Leitmotiv. Deshalb setzen wir als CGM auch auf die Sicherung und Schaffung zukunftsf\u00e4higer Arbeitspl\u00e4tze nach dem Motto &#8222;Ideen- und schmiede&#8220;, so der CGM-Landesvorsitzende Ralf Holten und seine Delegation in vielen Gespr\u00e4chen beim Sommerjahresempfang.<\/p>\n\n\n\n<p>Im stetigen Austausch auch mit Marc Biadacz, MdB und Sprecher f\u00fcr Arbeit und Soziales der CDU Bundestagsfraktion aus B\u00f6blingen.<\/p>\n\n\n\n<p><a href=\"https:\/\/www.facebook.com\/photo?fbid=25341740392079501&amp;set=a.658894230790793\">https:\/\/www.facebook.com\/photo?fbid=25341740392079501&amp;set=a.658894230790793<\/a><\/p>\n\n\n\n<p><\/p>\n","protected":false},"excerpt":{"rendered":"<p>CDU Spitzenkandidat Manuel Hagel mit klaren Bekenntnissen f\u00fcr den Erhalt der Arbeitspl\u00e4tze in Baden-W\u00fcrttemberg. Die Industrie muss produktiver werden und die Politik muss die Interessen der Arbeitnehmerinnen und Arbeitnehmer in den Vordergrund stellen. Soziale Gerechtigkeit speist sich f\u00fcr uns aus dem christlichen Menschenbild, so der CDA-Landesvorsitzende Dr. Christian B\u00e4umler. Diese Grundmaxime ist Gr\u00fcndungsidee der Christlichen &hellip; <\/p>\n<p class=\"link-more\"><a href=\"https:\/\/cgm-bw.de\/?p=1626\" class=\"more-link\">Mehr <span class=\"screen-reader-text\">\u00fcber &#8222;CDA-Sommerempfang 2025 und politische Begegnungen&#8220; <\/span>Lesen<\/a><\/p>\n","protected":false},"author":15,"featured_media":0,"comment_status":"open","ping_status":"open","sticky":false,"template":"","format":"standard","meta":{"footnotes":""},"categories":[1],"tags":[],"class_list":["post-1626","post","type-post","status-publish","format-standard","hentry","category-cgmbw_de"],"_links":{"self":[{"href":"https:\/\/cgm-bw.de\/index.php?rest_route=\/wp\/v2\/posts\/1626","targetHints":{"allow":["GET"]}}],"collection":[{"href":"https:\/\/cgm-bw.de\/index.php?rest_route=\/wp\/v2\/posts"}],"about":[{"href":"https:\/\/cgm-bw.de\/index.php?rest_route=\/wp\/v2\/types\/post"}],"author":[{"embeddable":true,"href":"https:\/\/cgm-bw.de\/index.php?rest_route=\/wp\/v2\/users\/15"}],"replies":[{"embeddable":true,"href":"https:\/\/cgm-bw.de\/index.php?rest_route=%2Fwp%2Fv2%2Fcomments&post=1626"}],"version-history":[{"count":4,"href":"https:\/\/cgm-bw.de\/index.php?rest_route=\/wp\/v2\/posts\/1626\/revisions"}],"predecessor-version":[{"id":1632,"href":"https:\/\/cgm-bw.de\/index.php?rest_route=\/wp\/v2\/posts\/1626\/revisions\/1632"}],"wp:attachment":[{"href":"https:\/\/cgm-bw.de\/index.php?rest_route=%2Fwp%2Fv2%2Fmedia&parent=1626"}],"wp:term":[{"taxonomy":"category","embeddable":true,"href":"https:\/\/cgm-bw.de\/index.php?rest_route=%2Fwp%2Fv2%2Fcategories&post=1626"},{"taxonomy":"post_tag","embeddable":true,"href":"https:\/\/cgm-bw.de\/index.php?rest_route=%2Fwp%2Fv2%2Ftags&post=1626"}],"curies":[{"name":"wp","href":"https:\/\/api.w.org\/{rel}","templated":true}]}}