{"id":1639,"date":"2025-10-14T08:21:32","date_gmt":"2025-10-14T06:21:32","guid":{"rendered":"https:\/\/cgm-bw.de\/?p=1639"},"modified":"2025-10-14T08:33:46","modified_gmt":"2025-10-14T06:33:46","slug":"thomas-plemenik-an-der-betriebsversammlung-vom-22-09-2025","status":"publish","type":"post","link":"https:\/\/cgm-bw.de\/?p=1639","title":{"rendered":"Thomas Plemenik an der Betriebsversammlung vom 22.09.2025"},"content":{"rendered":"\n<div class=\"wp-block-group has-global-padding is-layout-constrained wp-block-group-is-layout-constrained\">\n<div class=\"wp-block-media-text has-media-on-the-right is-stacked-on-mobile\" style=\"grid-template-columns:auto 30%\"><div class=\"wp-block-media-text__content\">\n<div class=\"wp-block-group is-nowrap is-layout-flex wp-container-core-group-is-layout-6c531013 wp-block-group-is-layout-flex\">\n<div class=\"wp-block-group is-vertical is-layout-flex wp-container-core-group-is-layout-fe9cc265 wp-block-group-is-layout-flex\">\n<p class=\"has-text-align-left has-text-color has-link-color wp-elements-de3b73b9391fd4e0ed85b70c6edfb2fa\" style=\"color:#0050a0\"><strong>Liebe Kolleginnen und Kollegen,<\/strong><\/p>\n\n\n\n<p class=\"has-text-align-left has-text-color has-link-color wp-elements-88fbef8e461159078eadaeda37239547\" style=\"color:#0050a0\"><strong>nur mal eins zur Klarstellung: Es gibt zwei Gewerkschaften hier im Betrieb. Wir sind zwar klein aber daf\u00fcr Oho! Auch wir leisten unseren Beitrag zu dem, was hier geleistet wird. Man muss eins auch nochmal klar sagen, wir sind dank der IG-Metall die einzige gerichtlich anerkannte Gewerkschaft in Deutschland. Das haben wir der IG-Metall zu verdanken, weil Sie damals den Prozess verloren hat. Danke daf\u00fcr! Habe ich aber auch nicht zum ersten Mal gesagt. Dies zum Einstieg.<\/strong><\/p>\n<\/div>\n<\/div>\n<\/div><figure class=\"wp-block-media-text__media\"><img loading=\"lazy\" decoding=\"async\" width=\"1024\" height=\"1024\" src=\"https:\/\/cgm-bw.de\/wp-content\/uploads\/2025\/10\/Thomas_plemenik-1-1024x1024.png\" alt=\"\" class=\"wp-image-1649 size-full\" srcset=\"https:\/\/cgm-bw.de\/wp-content\/uploads\/2025\/10\/Thomas_plemenik-1-1024x1024.png 1024w, https:\/\/cgm-bw.de\/wp-content\/uploads\/2025\/10\/Thomas_plemenik-1-300x300.png 300w, https:\/\/cgm-bw.de\/wp-content\/uploads\/2025\/10\/Thomas_plemenik-1-150x150.png 150w, https:\/\/cgm-bw.de\/wp-content\/uploads\/2025\/10\/Thomas_plemenik-1.png 1148w\" sizes=\"auto, (max-width: 1024px) 100vw, 1024px\" \/><\/figure><\/div>\n\n\n\n<p class=\"has-text-align-left\">Ich h\u00f6re immer \u201eWIR\u201c, \u201eWIR GEMEINSAMM\u201c, \u201eWERTSCH\u00c4TZUNG\u201c. Ich wei\u00df gar nicht wo das her kommt. Also \u201eWir\u201c ja, es gibt ein \u201eWir\u201c hier (<em>zeigt auf die Belegschaft im Saal<\/em>) und es gibt ein \u201eWir\u201c hier, also hier oben (<em>zeigt auf die Sitzenden auf der B\u00fchne neben dem Podest<\/em>). Das \u201eWir\u201c und \u201eGemeinsam\u201c funktioniert immer nur dann, wenn es f\u00fcr die Werkleiter oder Bosse oder Chefs gut ist. Wenn es f\u00fcr uns gut ist, oder gut sein soll, funktioniert \u201eWir\u201c und \u201eGemeinsam\u201c komischerweise nicht mehr. Warum, stell ich mal hier in den Raum. Immer nur \u201eWir\u201c und \u201eGemeinsam\u201c nach oben, \u201eWir\u201c und \u201eGemeinsam\u201c nach unten? Eher nicht!<br><br>Dann h\u00f6rt man auch immer wieder, ja der b\u00f6se Amerikaner macht dies. Der b\u00f6se Chinese macht das. Ja was machen wir eigentlich dagegen? Wir, hier, die Auto-Industrie, waren mal in einer Zeit die m\u00e4chtigste Industrie von Europa. Wir, die Auto-Industrie, konnten gewissen Regierungen sagen: \u201eHey Leute, das funktioniert so nicht, probiert es mal irgendwie anders.\u201c Der Amerikaner macht Steuern, der Chinese versteuert uns. Warum schaffen wir das nicht? Eine Steuer auf diese komischen Autos, die uns langsam \u00fcberschw\u00e4mmen, mal in Kraft zu setzen. Wieso bekommen wir das nicht hin? Wenn unser Chef der der europ\u00e4ischen Automobilindustrie ist, steht er nur hin und schreibt einen Brandbrief. Toll! Einen Brandbrief kann jeder schreiben. Wo ist das Ergebnis? Wo ist das Ergebnis f\u00fcr uns? Das kann doch nicht sein, dass wir immer alles \u00fcber uns ergehen lassen m\u00fcssen, was da von au\u00dfen hereinkommt. Sind wir den Niemand? Sind wird den in Europa und in Deutschland niemand mehr die irgendwas auf die Reihe kriegen? Ich versteh es nicht. Jeder andere kanns, nur wir schaffen es nicht! <br> <br>Jeder sagt nur immer: \u201eJa es ist alles so teuer geworden.\u201c Dieses Auto da unten (<em>neuer CLA<\/em>) darf man nicht vergessen, kostet 70.000 \u20ac, dieses Auto da dr\u00fcben kostet 129.000\u20ac. (<em>zeigt auf das andere Fahrzeug<\/em>). Dieses Auto da unten (<em>CLA<\/em>), soll ein Einstiegssegment sein. Das ist eine A-Klasse. F\u00fcr einen normalen Mitarbeiter, wie bei mir, mit einer EG7, der knapp 3.700 \u20ac netto hat, 1.000 \u20ac Miete bezahlt, 600 \u20ac an Nebenkosten und Sonstiges ist dies einfach f\u00fcr mich zu teuer. Ich w\u00fcrde es gerne fahren, aber ist mir schlichtweg einfach zu teuer. Dann habe ich noch zwei Kinder, die zwar aus der Schule sind, aber wenn jetzt ein Familienvater hier hin steht und muss zweimal Kindergartengeb\u00fchren zahlen, dann kuckt man sich das Auto halt an und denkt &#8211; Wie hat es vorher gehei\u00dfen? &#8211; \u201eDann ist es halt so!\u201c Also Leute allen Ernstes, irgendwo h\u00f6rt der Spa\u00df dann halt auch auf. <br><br>Auch wie vorher schon die Musik im Hintergrund zum Video und das Wetter drau\u00dfen, das passt zu unserer &#8211; Untergangsstimmung m\u00f6chte ich es nicht gerade nennen &#8211; aber zumindest sehr prek\u00e4ren Lage. Ich hoffe das unsere Chefs, mal wieder auf einen Punkt kommen, wo wir miteinander, in eine Zukunft gehen k\u00f6nnen, wo auch unsere 158 Azubis eine Zukunft haben und nicht am Ende der Lehre gesagt wird: \u201eNaja, war sch\u00f6n bei Mercedes, kuck ich mir halt mal was anderes an.\u201c Das kann nicht sein! Diese Jungen Leute, m\u00fcssen hier eine Zukunft haben und nicht nach 3 Jahren, oder nach 3,5 Jahren sagen m\u00fcssen: \u201eJa ich wei\u00df nicht, wie es weiter geht. Ist halt so!\u201c Kann nicht sein! Ich wei\u00df meine Redezeit ist leider vorbei. Ich h\u00e4tte noch das ein oder andere Thema gehabt. Ich w\u00fcnsch euch einen angenehmen Feierabend nachher.<br><br> Vielen Dank!<\/p>\n<\/div>\n\n\n\n<p><\/p>\n","protected":false},"excerpt":{"rendered":"<p>Liebe Kolleginnen und Kollegen, nur mal eins zur Klarstellung: Es gibt zwei Gewerkschaften hier im Betrieb. Wir sind zwar klein aber daf\u00fcr Oho! Auch wir leisten unseren Beitrag zu dem, was hier geleistet wird. Man muss eins auch nochmal klar sagen, wir sind dank der IG-Metall die einzige gerichtlich anerkannte Gewerkschaft in Deutschland. Das haben &hellip; <\/p>\n<p class=\"link-more\"><a href=\"https:\/\/cgm-bw.de\/?p=1639\" class=\"more-link\">Mehr <span class=\"screen-reader-text\">\u00fcber &#8222;Thomas Plemenik an der Betriebsversammlung vom 22.09.2025&#8220; <\/span>Lesen<\/a><\/p>\n","protected":false},"author":16,"featured_media":0,"comment_status":"open","ping_status":"open","sticky":false,"template":"","format":"standard","meta":{"footnotes":""},"categories":[22],"tags":[],"class_list":["post-1639","post","type-post","status-publish","format-standard","hentry","category-stuttgart-untertuerkheim"],"_links":{"self":[{"href":"https:\/\/cgm-bw.de\/index.php?rest_route=\/wp\/v2\/posts\/1639","targetHints":{"allow":["GET"]}}],"collection":[{"href":"https:\/\/cgm-bw.de\/index.php?rest_route=\/wp\/v2\/posts"}],"about":[{"href":"https:\/\/cgm-bw.de\/index.php?rest_route=\/wp\/v2\/types\/post"}],"author":[{"embeddable":true,"href":"https:\/\/cgm-bw.de\/index.php?rest_route=\/wp\/v2\/users\/16"}],"replies":[{"embeddable":true,"href":"https:\/\/cgm-bw.de\/index.php?rest_route=%2Fwp%2Fv2%2Fcomments&post=1639"}],"version-history":[{"count":5,"href":"https:\/\/cgm-bw.de\/index.php?rest_route=\/wp\/v2\/posts\/1639\/revisions"}],"predecessor-version":[{"id":1650,"href":"https:\/\/cgm-bw.de\/index.php?rest_route=\/wp\/v2\/posts\/1639\/revisions\/1650"}],"wp:attachment":[{"href":"https:\/\/cgm-bw.de\/index.php?rest_route=%2Fwp%2Fv2%2Fmedia&parent=1639"}],"wp:term":[{"taxonomy":"category","embeddable":true,"href":"https:\/\/cgm-bw.de\/index.php?rest_route=%2Fwp%2Fv2%2Fcategories&post=1639"},{"taxonomy":"post_tag","embeddable":true,"href":"https:\/\/cgm-bw.de\/index.php?rest_route=%2Fwp%2Fv2%2Ftags&post=1639"}],"curies":[{"name":"wp","href":"https:\/\/api.w.org\/{rel}","templated":true}]}}