{"id":1652,"date":"2025-10-24T09:27:41","date_gmt":"2025-10-24T07:27:41","guid":{"rendered":"https:\/\/cgm-bw.de\/?p=1652"},"modified":"2025-10-24T09:57:59","modified_gmt":"2025-10-24T07:57:59","slug":"einladung-zur-mitgliederversammlung-vom-werk-untertuerkheim-010-019","status":"publish","type":"post","link":"https:\/\/cgm-bw.de\/?p=1652","title":{"rendered":"Einladung zur Mitgliederversammlung vom Werk Untert\u00fcrkheim (010\/019)"},"content":{"rendered":"\n<p class=\"has-text-align-left\">Liebe CGM-Mitglieder und Mitgliederinnen,<\/p>\n\n\n\n<p class=\"has-text-align-left has-primary-color has-text-color has-link-color wp-elements-b945c03437883c4d2f1c835f9b8cf40a\">im M\u00e4rz 2026 findet die Betriebsratswahl bei uns im Mercedes Benz AG, Werk Untert\u00fcrkheim, statt. Zuvor wird gem\u00e4\u00df Satzung eine <strong>CGM-Kandidatenliste f\u00fcr die BR-Wahl gew\u00e4hlt.<\/strong><br><br>Diese Wahl findet an der <strong>CGM-Mitgliederversammlung<\/strong> am<\/p>\n\n\n\n<p class=\"has-text-align-center has-text-color\" style=\"color:#0050a0;font-size:clamp(14px, 0.875rem + ((1vw - 3.2px) * 0.625), 20px);\"><strong>Samstag, den 15. November 2025 um 17:00 Uhr<\/strong><\/p>\n\n\n\n<p class=\"has-text-align-left\">statt. Aus organisatorischen Gr\u00fcnden bitten wir Euch daher bis zum<\/p>\n\n\n\n<p class=\"has-text-align-center has-text-color has-link-color wp-elements-216e5c06c5592a104112263920f87e90\" style=\"color:#0050a0;font-size:clamp(14px, 0.875rem + ((1vw - 3.2px) * 0.625), 20px);\"><strong>Freitag, den 31. Oktober 2025 um R\u00fcckmeldung<\/strong><\/p>\n\n\n\n<p class=\"has-text-align-left has-foreground-color has-text-color\">\u00fcber eure Teilnahme\/Nicht-Teilnahme per Mail. Ihr k\u00f6nnt daf\u00fcr den Button unten auf der Seite benutzen. Die \u00d6rtlichkeit wird nach erfolgter Anmeldung bekannt gegeben, da anhand der Teilnehmerzahl eine geeignete \u00d6rtlichkeit gew\u00e4hlt werden muss.<br><br>Vorab vielen Dank f\u00fcr Eure R\u00fcckmeldung!<\/p>\n\n\n\n<div class=\"wp-block-columns alignwide is-layout-flex wp-container-core-columns-is-layout-28f84493 wp-block-columns-is-layout-flex\">\n<div class=\"wp-block-column is-vertically-aligned-center is-layout-flow wp-block-column-is-layout-flow\">\n<p class=\"has-text-align-left\"><strong>Thomas Plemenik<\/strong><br>Betriebsrat<br>Werk 10\/19 &#8211; Untert\u00fcrkheim mit allen Werken<br><\/p>\n<\/div>\n\n\n\n<div class=\"wp-block-column is-layout-flow wp-block-column-is-layout-flow\" style=\"flex-basis:350px\">\n<p class=\"has-text-align-left\"><strong>Steffen H\u00e4fner<\/strong><br>Vertrauensk\u00f6rperleitung<br>Werk 10\/19 &#8211; Untert\u00fcrkheim mit allen Werken<\/p>\n<\/div>\n<\/div>\n\n\n\n<div style=\"height:var(--wp--preset--spacing--small)\" aria-hidden=\"true\" class=\"wp-block-spacer\"><\/div>\n\n\n\n<div class=\"wp-block-columns is-layout-flex wp-container-core-columns-is-layout-28f84493 wp-block-columns-is-layout-flex\">\n<div class=\"wp-block-column is-layout-flow wp-block-column-is-layout-flow\">\n<div class=\"wp-block-buttons is-content-justification-center is-layout-flex wp-container-core-buttons-is-layout-a89b3969 wp-block-buttons-is-layout-flex\">\n<div class=\"wp-block-button has-custom-width wp-block-button__width-50 is-style-fill\"><a class=\"wp-block-button__link has-white-color has-text-color has-background has-link-color has-text-align-center wp-element-button\" href=\"mailto:thomas.plemenik@mercedes-benz.com;%20steffen.haefner@mercedes-benz.com?subject=R\u00fcckmeldung%20Mitgliederversammlung\" style=\"border-style:none;border-width:0px;border-radius:20px;background-color:#0050a0;padding-top:var(--wp--preset--spacing--x-small);padding-right:0;padding-bottom:var(--wp--preset--spacing--x-small);padding-left:0\"><strong>Jetzt R\u00fcckmeldung per E-Mail geben!<\/strong><\/a><\/div>\n<\/div>\n<\/div>\n<\/div>\n\n\n\n<div style=\"height:100px\" aria-hidden=\"true\" class=\"wp-block-spacer\"><\/div>\n\n\n\n<p><\/p>\n","protected":false},"excerpt":{"rendered":"<p>Liebe CGM-Mitglieder und Mitgliederinnen, im M\u00e4rz 2026 findet die Betriebsratswahl bei uns im Mercedes Benz AG, Werk Untert\u00fcrkheim, statt. Zuvor wird gem\u00e4\u00df Satzung eine CGM-Kandidatenliste f\u00fcr die BR-Wahl gew\u00e4hlt. Diese Wahl findet an der CGM-Mitgliederversammlung am Samstag, den 15. November 2025 um 17:00 Uhr statt. Aus organisatorischen Gr\u00fcnden bitten wir Euch daher bis zum Freitag, &hellip; <\/p>\n<p class=\"link-more\"><a href=\"https:\/\/cgm-bw.de\/?p=1652\" class=\"more-link\">Mehr <span class=\"screen-reader-text\">\u00fcber &#8222;Einladung zur Mitgliederversammlung vom Werk Untert\u00fcrkheim (010\/019)&#8220; <\/span>Lesen<\/a><\/p>\n","protected":false},"author":16,"featured_media":0,"comment_status":"open","ping_status":"open","sticky":false,"template":"","format":"standard","meta":{"footnotes":""},"categories":[1,5,16,22],"tags":[63,64,65],"class_list":["post-1652","post","type-post","status-publish","format-standard","hentry","category-cgmbw_de","category-stuttgart","category-mercedes-benz","category-stuttgart-untertuerkheim","tag-betriebsratswahl","tag-br-wahl","tag-mitgliederversammlung"],"_links":{"self":[{"href":"https:\/\/cgm-bw.de\/index.php?rest_route=\/wp\/v2\/posts\/1652","targetHints":{"allow":["GET"]}}],"collection":[{"href":"https:\/\/cgm-bw.de\/index.php?rest_route=\/wp\/v2\/posts"}],"about":[{"href":"https:\/\/cgm-bw.de\/index.php?rest_route=\/wp\/v2\/types\/post"}],"author":[{"embeddable":true,"href":"https:\/\/cgm-bw.de\/index.php?rest_route=\/wp\/v2\/users\/16"}],"replies":[{"embeddable":true,"href":"https:\/\/cgm-bw.de\/index.php?rest_route=%2Fwp%2Fv2%2Fcomments&post=1652"}],"version-history":[{"count":24,"href":"https:\/\/cgm-bw.de\/index.php?rest_route=\/wp\/v2\/posts\/1652\/revisions"}],"predecessor-version":[{"id":1684,"href":"https:\/\/cgm-bw.de\/index.php?rest_route=\/wp\/v2\/posts\/1652\/revisions\/1684"}],"wp:attachment":[{"href":"https:\/\/cgm-bw.de\/index.php?rest_route=%2Fwp%2Fv2%2Fmedia&parent=1652"}],"wp:term":[{"taxonomy":"category","embeddable":true,"href":"https:\/\/cgm-bw.de\/index.php?rest_route=%2Fwp%2Fv2%2Fcategories&post=1652"},{"taxonomy":"post_tag","embeddable":true,"href":"https:\/\/cgm-bw.de\/index.php?rest_route=%2Fwp%2Fv2%2Ftags&post=1652"}],"curies":[{"name":"wp","href":"https:\/\/api.w.org\/{rel}","templated":true}]}}