{"id":1687,"date":"2025-11-05T16:04:35","date_gmt":"2025-11-05T15:04:35","guid":{"rendered":"https:\/\/cgm-bw.de\/?p=1687"},"modified":"2025-11-06T13:40:06","modified_gmt":"2025-11-06T12:40:06","slug":"einladung-zur-delegiertenversammlung-bezirk-herrenberg-boeblingen","status":"publish","type":"post","link":"https:\/\/cgm-bw.de\/?p=1687","title":{"rendered":"Einladung zur Delegiertenversammlung Bezirk Herrenberg B\u00f6blingen"},"content":{"rendered":"\n<p class=\"has-text-align-left\">Liebe CGM-Mitglieder und Mitgliederinnen,<\/p>\n\n\n\n<p class=\"has-text-align-left has-primary-color has-text-color has-link-color wp-elements-cc57a5bd8309cd9d2543d0b8b13fe052\">im M\u00e4rz 2026 findet die Betriebsratswahl bei uns im Mercedes Benz Werk Sindelfingen statt. Zuvor wird gem\u00e4\u00df Satzung eine <strong>CGM-Kandidatenliste f\u00fcr die BR-Wahl gew\u00e4hlt.<\/strong><br><\/p>\n\n\n\n<p>Die Delegiertenversammlung findet am Samstag 08.11.2025 im Blauen Haus, Hermann-Kurz-Stra\u00dfe 2,<\/p>\n\n\n\n<p>in 71069 Sindelfingen-Maichingen statt.<\/p>\n\n\n\n<p>Beginn ist um 15:00 Uhr<\/p>\n\n\n\n<ul class=\"wp-block-list\">\n<li>Wahl der Kandidatenliste zur BR-Wahl 2026<\/li>\n<\/ul>\n\n\n\n<p><\/p>\n","protected":false},"excerpt":{"rendered":"<p>Liebe CGM-Mitglieder und Mitgliederinnen, im M\u00e4rz 2026 findet die Betriebsratswahl bei uns im Mercedes Benz Werk Sindelfingen statt. Zuvor wird gem\u00e4\u00df Satzung eine CGM-Kandidatenliste f\u00fcr die BR-Wahl gew\u00e4hlt. Die Delegiertenversammlung findet am Samstag 08.11.2025 im Blauen Haus, Hermann-Kurz-Stra\u00dfe 2, in 71069 Sindelfingen-Maichingen statt. Beginn ist um 15:00 Uhr<\/p>\n","protected":false},"author":11,"featured_media":0,"comment_status":"open","ping_status":"open","sticky":false,"template":"","format":"standard","meta":{"footnotes":""},"categories":[1],"tags":[],"class_list":["post-1687","post","type-post","status-publish","format-standard","hentry","category-cgmbw_de"],"_links":{"self":[{"href":"https:\/\/cgm-bw.de\/index.php?rest_route=\/wp\/v2\/posts\/1687","targetHints":{"allow":["GET"]}}],"collection":[{"href":"https:\/\/cgm-bw.de\/index.php?rest_route=\/wp\/v2\/posts"}],"about":[{"href":"https:\/\/cgm-bw.de\/index.php?rest_route=\/wp\/v2\/types\/post"}],"author":[{"embeddable":true,"href":"https:\/\/cgm-bw.de\/index.php?rest_route=\/wp\/v2\/users\/11"}],"replies":[{"embeddable":true,"href":"https:\/\/cgm-bw.de\/index.php?rest_route=%2Fwp%2Fv2%2Fcomments&post=1687"}],"version-history":[{"count":4,"href":"https:\/\/cgm-bw.de\/index.php?rest_route=\/wp\/v2\/posts\/1687\/revisions"}],"predecessor-version":[{"id":1692,"href":"https:\/\/cgm-bw.de\/index.php?rest_route=\/wp\/v2\/posts\/1687\/revisions\/1692"}],"wp:attachment":[{"href":"https:\/\/cgm-bw.de\/index.php?rest_route=%2Fwp%2Fv2%2Fmedia&parent=1687"}],"wp:term":[{"taxonomy":"category","embeddable":true,"href":"https:\/\/cgm-bw.de\/index.php?rest_route=%2Fwp%2Fv2%2Fcategories&post=1687"},{"taxonomy":"post_tag","embeddable":true,"href":"https:\/\/cgm-bw.de\/index.php?rest_route=%2Fwp%2Fv2%2Ftags&post=1687"}],"curies":[{"name":"wp","href":"https:\/\/api.w.org\/{rel}","templated":true}]}}