{"id":1706,"date":"2025-12-16T09:10:18","date_gmt":"2025-12-16T08:10:18","guid":{"rendered":"https:\/\/cgm-bw.de\/?p=1706"},"modified":"2025-12-16T09:10:39","modified_gmt":"2025-12-16T08:10:39","slug":"verabschiedung-joachim-zink","status":"publish","type":"post","link":"https:\/\/cgm-bw.de\/?p=1706","title":{"rendered":"Verabschiedung von Joachim Zink"},"content":{"rendered":"\n<p class=\"has-text-align-left\"><strong>Am 03.12.2025 hat der Bezirksvorstand Stuttgart den langj\u00e4hrigen Kollegen Joachim Zink verabschiedet.<\/strong><\/p>\n\n\n\n<figure class=\"wp-block-image aligncenter size-large\"><img loading=\"lazy\" decoding=\"async\" width=\"1024\" height=\"1024\" src=\"https:\/\/cgm-bw.de\/wp-content\/uploads\/2025\/12\/WhatsApp-Image-2025-12-12-at-17.17.35-1024x1024.png\" alt=\"\" class=\"wp-image-1707\" srcset=\"https:\/\/cgm-bw.de\/wp-content\/uploads\/2025\/12\/WhatsApp-Image-2025-12-12-at-17.17.35-1024x1024.png 1024w, https:\/\/cgm-bw.de\/wp-content\/uploads\/2025\/12\/WhatsApp-Image-2025-12-12-at-17.17.35-300x300.png 300w, https:\/\/cgm-bw.de\/wp-content\/uploads\/2025\/12\/WhatsApp-Image-2025-12-12-at-17.17.35-150x150.png 150w, https:\/\/cgm-bw.de\/wp-content\/uploads\/2025\/12\/WhatsApp-Image-2025-12-12-at-17.17.35.png 1152w\" sizes=\"auto, (max-width: 1024px) 100vw, 1024px\" \/><\/figure>\n\n\n\n<p class=\"has-text-align-left\">W\u00e4hrend seiner jahrzehntelanger Mitgliedschaft engagierte sich Joachim Zink nach Innen und nach Au\u00dfen f\u00fcr die CGM. So war er Vertrauensmann bei Daimler Truck Stuttgart, Beisitzer im Bezirksvorstand Stuttgart und Delegierter zum Landesgewerkschaftstag Baden-W\u00fcrttemberg.<br><br>Zum 31.12.2025 scheidet der Kollege Zink aus dem Arbeitsleben aus. Aus diesem Anlass hat der Bezirksvorstand Stuttgart den Kollegen im Rahmen seiner Sitzung am 03.12.2026 in Degerloch verabschiedet, an der Bezirksvorsitzender Daniel Flaccus den Kollegen nochmals gew\u00fcrdigt und ein kleines Pr\u00e4sent \u00fcbergeben hat.<br><br>Der Bezirksverband Stuttgart w\u00fcnscht Joachim Zink alles Gute f\u00fcr seinen neuen Lebensabschnitt!<\/p>\n","protected":false},"excerpt":{"rendered":"<p>Am 03.12.2025 hat der Bezirksvorstand Stuttgart den langj\u00e4hrigen Kollegen Joachim Zink verabschiedet. W\u00e4hrend seiner jahrzehntelanger Mitgliedschaft engagierte sich Joachim Zink nach Innen und nach Au\u00dfen f\u00fcr die CGM. So war er Vertrauensmann bei Daimler Truck Stuttgart, Beisitzer im Bezirksvorstand Stuttgart und Delegierter zum Landesgewerkschaftstag Baden-W\u00fcrttemberg. Zum 31.12.2025 scheidet der Kollege Zink aus dem Arbeitsleben aus. &hellip; <\/p>\n<p class=\"link-more\"><a href=\"https:\/\/cgm-bw.de\/?p=1706\" class=\"more-link\">Mehr <span class=\"screen-reader-text\">\u00fcber &#8222;Verabschiedung von Joachim Zink&#8220; <\/span>Lesen<\/a><\/p>\n","protected":false},"author":16,"featured_media":0,"comment_status":"open","ping_status":"open","sticky":false,"template":"","format":"standard","meta":{"footnotes":""},"categories":[5,16,21],"tags":[],"class_list":["post-1706","post","type-post","status-publish","format-standard","hentry","category-stuttgart","category-mercedes-benz","category-stuttgart-zentrale"],"_links":{"self":[{"href":"https:\/\/cgm-bw.de\/index.php?rest_route=\/wp\/v2\/posts\/1706","targetHints":{"allow":["GET"]}}],"collection":[{"href":"https:\/\/cgm-bw.de\/index.php?rest_route=\/wp\/v2\/posts"}],"about":[{"href":"https:\/\/cgm-bw.de\/index.php?rest_route=\/wp\/v2\/types\/post"}],"author":[{"embeddable":true,"href":"https:\/\/cgm-bw.de\/index.php?rest_route=\/wp\/v2\/users\/16"}],"replies":[{"embeddable":true,"href":"https:\/\/cgm-bw.de\/index.php?rest_route=%2Fwp%2Fv2%2Fcomments&post=1706"}],"version-history":[{"count":2,"href":"https:\/\/cgm-bw.de\/index.php?rest_route=\/wp\/v2\/posts\/1706\/revisions"}],"predecessor-version":[{"id":1709,"href":"https:\/\/cgm-bw.de\/index.php?rest_route=\/wp\/v2\/posts\/1706\/revisions\/1709"}],"wp:attachment":[{"href":"https:\/\/cgm-bw.de\/index.php?rest_route=%2Fwp%2Fv2%2Fmedia&parent=1706"}],"wp:term":[{"taxonomy":"category","embeddable":true,"href":"https:\/\/cgm-bw.de\/index.php?rest_route=%2Fwp%2Fv2%2Fcategories&post=1706"},{"taxonomy":"post_tag","embeddable":true,"href":"https:\/\/cgm-bw.de\/index.php?rest_route=%2Fwp%2Fv2%2Ftags&post=1706"}],"curies":[{"name":"wp","href":"https:\/\/api.w.org\/{rel}","templated":true}]}}