{"id":188,"date":"2022-05-16T20:55:00","date_gmt":"2022-05-16T18:55:00","guid":{"rendered":"https:\/\/cgmbw.de\/?p=188"},"modified":"2022-12-22T19:16:28","modified_gmt":"2022-12-22T18:16:28","slug":"einladung-zur-mitgliederversammlung-bezirksgewerkschaftstag-des-bezirks-stuttgart-am-22-juli-2022","status":"publish","type":"post","link":"https:\/\/cgm-bw.de\/?p=188","title":{"rendered":"Einladung zur Mitgliederversammlung (Bezirksgewerkschaftstag) des Bezirks Stuttgart am 22. Juli 2022"},"content":{"rendered":"\n<p id=\"yui_3_17_2_1_1670786001107_1411\">Liebe\/r Kollegin\/Kollege,<\/p>\n\n\n\n<p>ich lade Dich herzlich zu unserer Mitgliederversammlung des Bezirks Stuttgart<\/p>\n\n\n\n<p class=\"has-text-align-center\"><strong>am Freitag, den 22. Juli 2022 um 17.00 Uhr<\/strong><\/p>\n\n\n\n<p class=\"has-text-align-center\">in die SGU-Gastst\u00e4tte DELPHI, Bruckwiesenweg 18 A, 70327 Stuttgart-Untert\u00fcrkheim ein.<\/p>\n\n\n\n<p>Folgende Tagesordnung wird vorgeschlagen:<\/p>\n\n\n\n<p>1.&nbsp;&nbsp;&nbsp; Begr\u00fc\u00dfung und Formalien<\/p>\n\n\n\n<p>2.&nbsp;&nbsp;&nbsp; Bericht des Vorsitzenden<\/p>\n\n\n\n<p>3.&nbsp;&nbsp;&nbsp; Bericht der Kassiererin<\/p>\n\n\n\n<p>4.&nbsp;&nbsp;&nbsp; Bericht der Kassenpr\u00fcfer<\/p>\n\n\n\n<p>5.&nbsp;&nbsp;&nbsp; Entlastungen<\/p>\n\n\n\n<p>6.&nbsp;&nbsp;&nbsp; Wahl des Vorstandes<\/p>\n\n\n\n<p>a)&nbsp;&nbsp;&nbsp; Wahl des\/der 1. Vorsitzenden &nbsp;<\/p>\n\n\n\n<p>b)&nbsp;&nbsp;&nbsp; Wahl der zwei gleichberechtigten Stellvertreter&nbsp;<\/p>\n\n\n\n<p>c)&nbsp;&nbsp;&nbsp; Wahl des\/der Kassiererin\/Kassierers&nbsp;&nbsp;<\/p>\n\n\n\n<p>d)&nbsp;&nbsp;&nbsp; Wahl des\/der Schriftf\u00fchrer\/in&nbsp;&nbsp;<\/p>\n\n\n\n<p>e)&nbsp;&nbsp;&nbsp; Wahl von mindestens 7 Beisitzern<\/p>\n\n\n\n<p>7.&nbsp;&nbsp;&nbsp; Wahl der Delegierten f\u00fcr den Landesgewerkschaftstag 2023<\/p>\n\n\n\n<p>8.&nbsp;&nbsp;&nbsp; Wahl der Delegierten f\u00fcr den Bundesgewerkschaftstag 2023<\/p>\n\n\n\n<p>9.&nbsp;&nbsp;&nbsp; Diskussion\/Beschluss eingereichter Antr\u00e4ge<\/p>\n\n\n\n<p>10. Verschiedenes<\/p>\n\n\n\n<p><strong>Antr\u00e4ge an den Bezirksgewerkschaftstag sind schriftlich ebenfalls bis 01.07.2022 einzureichen.<\/strong><\/p>\n\n\n\n<p><strong>Im Anschluss an die Mitgliederversammlung findet im Rahmen eines Abendessens, zu dem ich Dich herzlich einlade, die Ehrung der Jubilare statt.<\/strong><\/p>\n\n\n\n<p>Bitte teile uns (vorzugsweise per email, alternativ per Post oder Fax) mit der beiliegenden <strong>Anmeldung bis zum 01.07.2022<\/strong> mit, ob Du an der Mitgliederversammlung des Bezirks Stuttgart und dem anschlie\u00dfenden Abendessen teilnimmst.<\/p>\n\n\n\n<p>Wir bitten auf diesem Weg darum, der CGM eine <strong>aktuelle<\/strong> Email-Adresse zukommen zu lassen, damit wir k\u00fcnftig schneller und papierlos informieren k\u00f6nnen \u2013 Vielen Dank!<\/p>\n\n\n\n<p><strong>Hinweis:<\/strong> Sollten wir mehr Anmeldungen erhalten, als die gew\u00e4hlte Veranstaltungsst\u00e4tte beherbergen kann, wird eine neue Veranstaltungsst\u00e4tte gew\u00e4hlt und kurzfristig mitgeteilt.<\/p>\n\n\n\n<p>Gl\u00fcckauf und Bleib\u2018 gesund!<\/p>\n\n\n\n<p>Anmeldeformular<\/p>\n\n\n\n<figure class=\"wp-block-image size-full\"><img loading=\"lazy\" decoding=\"async\" width=\"682\" height=\"891\" src=\"https:\/\/cgm-bw.de\/wp-content\/uploads\/2022\/12\/image-16.png\" alt=\"\" class=\"wp-image-189\" srcset=\"https:\/\/cgm-bw.de\/wp-content\/uploads\/2022\/12\/image-16.png 682w, https:\/\/cgm-bw.de\/wp-content\/uploads\/2022\/12\/image-16-230x300.png 230w\" sizes=\"auto, (max-width: 682px) 100vw, 682px\" \/><\/figure>\n","protected":false},"excerpt":{"rendered":"<p>Liebe\/r Kollegin\/Kollege, ich lade Dich herzlich zu unserer Mitgliederversammlung des Bezirks Stuttgart am Freitag, den 22. Juli 2022 um 17.00 Uhr in die SGU-Gastst\u00e4tte DELPHI, Bruckwiesenweg 18 A, 70327 Stuttgart-Untert\u00fcrkheim ein. Folgende Tagesordnung wird vorgeschlagen: 1.&nbsp;&nbsp;&nbsp; Begr\u00fc\u00dfung und Formalien 2.&nbsp;&nbsp;&nbsp; Bericht des Vorsitzenden 3.&nbsp;&nbsp;&nbsp; Bericht der Kassiererin 4.&nbsp;&nbsp;&nbsp; Bericht der Kassenpr\u00fcfer 5.&nbsp;&nbsp;&nbsp; Entlastungen 6.&nbsp;&nbsp;&nbsp; Wahl &hellip; <\/p>\n<p class=\"link-more\"><a href=\"https:\/\/cgm-bw.de\/?p=188\" class=\"more-link\">Mehr <span class=\"screen-reader-text\">\u00fcber &#8222;Einladung zur Mitgliederversammlung (Bezirksgewerkschaftstag) des Bezirks Stuttgart am 22. Juli 2022&#8220; <\/span>Lesen<\/a><\/p>\n","protected":false},"author":4,"featured_media":0,"comment_status":"open","ping_status":"open","sticky":false,"template":"","format":"standard","meta":{"footnotes":""},"categories":[5],"tags":[],"class_list":["post-188","post","type-post","status-publish","format-standard","hentry","category-stuttgart"],"_links":{"self":[{"href":"https:\/\/cgm-bw.de\/index.php?rest_route=\/wp\/v2\/posts\/188","targetHints":{"allow":["GET"]}}],"collection":[{"href":"https:\/\/cgm-bw.de\/index.php?rest_route=\/wp\/v2\/posts"}],"about":[{"href":"https:\/\/cgm-bw.de\/index.php?rest_route=\/wp\/v2\/types\/post"}],"author":[{"embeddable":true,"href":"https:\/\/cgm-bw.de\/index.php?rest_route=\/wp\/v2\/users\/4"}],"replies":[{"embeddable":true,"href":"https:\/\/cgm-bw.de\/index.php?rest_route=%2Fwp%2Fv2%2Fcomments&post=188"}],"version-history":[{"count":2,"href":"https:\/\/cgm-bw.de\/index.php?rest_route=\/wp\/v2\/posts\/188\/revisions"}],"predecessor-version":[{"id":370,"href":"https:\/\/cgm-bw.de\/index.php?rest_route=\/wp\/v2\/posts\/188\/revisions\/370"}],"wp:attachment":[{"href":"https:\/\/cgm-bw.de\/index.php?rest_route=%2Fwp%2Fv2%2Fmedia&parent=188"}],"wp:term":[{"taxonomy":"category","embeddable":true,"href":"https:\/\/cgm-bw.de\/index.php?rest_route=%2Fwp%2Fv2%2Fcategories&post=188"},{"taxonomy":"post_tag","embeddable":true,"href":"https:\/\/cgm-bw.de\/index.php?rest_route=%2Fwp%2Fv2%2Ftags&post=188"}],"curies":[{"name":"wp","href":"https:\/\/api.w.org\/{rel}","templated":true}]}}