{"id":191,"date":"2022-07-28T20:59:00","date_gmt":"2022-07-28T18:59:00","guid":{"rendered":"https:\/\/cgmbw.de\/?p=191"},"modified":"2022-12-22T19:15:40","modified_gmt":"2022-12-22T18:15:40","slug":"bezirksgewerkschaftstag-stuttgart-22-07-2022","status":"publish","type":"post","link":"https:\/\/cgm-bw.de\/?p=191","title":{"rendered":"Bezirksgewerkschaftstag Stuttgart 22.07.2022"},"content":{"rendered":"\n<p>Am Freitag, den 22.07.2022 fand ab 17:00 Uhr der Bezirksgewerkschaftstag der CGM Stuttgart in der SGU Gastst\u00e4tte Delphi in Stuttgart Untert\u00fcrkheim statt.<\/p>\n\n\n\n<p>Bei sehr sommerlichen Temperaturen wurden ein neuer Vorstand sowie die Delegierten f\u00fcr die im n\u00e4chsten Jahr folgenden Landes- und Bundesgewerkschaftstage gew\u00e4hlt. Der bisherige Vorstand wurde entlastet und die Vorstandsmitglieder erhielten ein kleines Dankesch\u00f6n f\u00fcr Ihre Arbeit.<\/p>\n\n\n\n<p>Aus dem Vorstand verabschiedet wurden Joachim Zink, Bernhard Philipp und Klaus Kohout. Vielen Dank f\u00fcr euer Engagement!<\/p>\n\n\n\n<p>Der n\u00e4chste Landesgwerkschaftstag f\u00fcr Baden-W\u00fcrttemberg wird vom Bezirk Stuttgart ausgerichtet und am 01.04.2023 in Esslingen Berkheim stattfinden.<\/p>\n\n\n\n<p>Nachdem die Tagesordnung abgearbeitet war, konnte der Abend bei einem gemeinsamen Essen und Gespr\u00e4chen sehr harmonisch ausklingen.<\/p>\n\n\n\n<p>Vielen Dank an alle Teilnehmer und vor allem all denen, die kandidiert haben!<\/p>\n\n\n\n<p><strong>Die Besetzung des neuen Bezirksvorstandes:<\/strong><\/p>\n\n\n\n<p><strong>Daniel Flaccus<\/strong>, Vorsitzender<\/p>\n\n\n\n<p><strong>Steffen H\u00e4fner<\/strong>, Stellvertretender Vorsitzender<\/p>\n\n\n\n<p><strong>Konstanze Hubert<\/strong>, Stellvertretende Vorsitzende<\/p>\n\n\n\n<p><strong>Rosi Fischle<\/strong>, Kassiererin<\/p>\n\n\n\n<p><strong>Marco Klys<\/strong>, Schriftf\u00fchrer<\/p>\n\n\n\n<p><strong>Gerd Ehrhardt<\/strong>, Beisitzer<\/p>\n\n\n\n<p><strong>Thomas Plemenik<\/strong>, Beisitzer<\/p>\n\n\n\n<p><strong>Marina Porrmann-Schmidt<\/strong>, Beisitzerin<\/p>\n\n\n\n<p><strong>Jasmin Riedel<\/strong>, Beisitzerin<\/p>\n\n\n\n<p><strong>Abdullah Saif<\/strong>, Beisitzer<\/p>\n\n\n\n<p><strong>Knuth Schimanski<\/strong>, Beisitzer<\/p>\n\n\n\n<figure class=\"wp-block-image size-full\"><img loading=\"lazy\" decoding=\"async\" width=\"1000\" height=\"750\" src=\"https:\/\/cgm-bw.de\/wp-content\/uploads\/2022\/12\/image-17.png\" alt=\"\" class=\"wp-image-192\" srcset=\"https:\/\/cgm-bw.de\/wp-content\/uploads\/2022\/12\/image-17.png 1000w, https:\/\/cgm-bw.de\/wp-content\/uploads\/2022\/12\/image-17-300x225.png 300w, https:\/\/cgm-bw.de\/wp-content\/uploads\/2022\/12\/image-17-768x576.png 768w\" sizes=\"auto, (max-width: 1000px) 100vw, 1000px\" \/><\/figure>\n","protected":false},"excerpt":{"rendered":"<p>Am Freitag, den 22.07.2022 fand ab 17:00 Uhr der Bezirksgewerkschaftstag der CGM Stuttgart in der SGU Gastst\u00e4tte Delphi in Stuttgart Untert\u00fcrkheim statt. Bei sehr sommerlichen Temperaturen wurden ein neuer Vorstand sowie die Delegierten f\u00fcr die im n\u00e4chsten Jahr folgenden Landes- und Bundesgewerkschaftstage gew\u00e4hlt. Der bisherige Vorstand wurde entlastet und die Vorstandsmitglieder erhielten ein kleines Dankesch\u00f6n &hellip; <\/p>\n<p class=\"link-more\"><a href=\"https:\/\/cgm-bw.de\/?p=191\" class=\"more-link\">Mehr <span class=\"screen-reader-text\">\u00fcber &#8222;Bezirksgewerkschaftstag Stuttgart 22.07.2022&#8220; <\/span>Lesen<\/a><\/p>\n","protected":false},"author":4,"featured_media":0,"comment_status":"open","ping_status":"open","sticky":false,"template":"","format":"standard","meta":{"footnotes":""},"categories":[5],"tags":[],"class_list":["post-191","post","type-post","status-publish","format-standard","hentry","category-stuttgart"],"_links":{"self":[{"href":"https:\/\/cgm-bw.de\/index.php?rest_route=\/wp\/v2\/posts\/191","targetHints":{"allow":["GET"]}}],"collection":[{"href":"https:\/\/cgm-bw.de\/index.php?rest_route=\/wp\/v2\/posts"}],"about":[{"href":"https:\/\/cgm-bw.de\/index.php?rest_route=\/wp\/v2\/types\/post"}],"author":[{"embeddable":true,"href":"https:\/\/cgm-bw.de\/index.php?rest_route=\/wp\/v2\/users\/4"}],"replies":[{"embeddable":true,"href":"https:\/\/cgm-bw.de\/index.php?rest_route=%2Fwp%2Fv2%2Fcomments&post=191"}],"version-history":[{"count":2,"href":"https:\/\/cgm-bw.de\/index.php?rest_route=\/wp\/v2\/posts\/191\/revisions"}],"predecessor-version":[{"id":369,"href":"https:\/\/cgm-bw.de\/index.php?rest_route=\/wp\/v2\/posts\/191\/revisions\/369"}],"wp:attachment":[{"href":"https:\/\/cgm-bw.de\/index.php?rest_route=%2Fwp%2Fv2%2Fmedia&parent=191"}],"wp:term":[{"taxonomy":"category","embeddable":true,"href":"https:\/\/cgm-bw.de\/index.php?rest_route=%2Fwp%2Fv2%2Fcategories&post=191"},{"taxonomy":"post_tag","embeddable":true,"href":"https:\/\/cgm-bw.de\/index.php?rest_route=%2Fwp%2Fv2%2Ftags&post=191"}],"curies":[{"name":"wp","href":"https:\/\/api.w.org\/{rel}","templated":true}]}}