{"id":194,"date":"2022-11-02T21:01:00","date_gmt":"2022-11-02T20:01:00","guid":{"rendered":"https:\/\/cgmbw.de\/?p=194"},"modified":"2022-12-22T19:12:43","modified_gmt":"2022-12-22T18:12:43","slug":"cgm-auf-der-5-jobmesse-stuttgart-am-22-10-2022","status":"publish","type":"post","link":"https:\/\/cgm-bw.de\/?p=194","title":{"rendered":"CGM auf der 5. Jobmesse Stuttgart am 22.10.2022"},"content":{"rendered":"\n<p>Der CGM Bezirksverband Stuttgart war dieses Jahr auf der Jobmesse in der Carl Benz Arena vertreten und nutzte die guten M\u00f6glichkeiten einer gro\u00dfen Menge an Besuchern Gewerkschaftsarbeit im Allgemeinen und die CGM im Besonderen n\u00e4her zu bringen.<\/p>\n\n\n\n<p>Unser Stand stie\u00df auf breites Interesse und alle in 2 Schichten beteiligten ehrenamtlichen Helfer aus dem Bezirksvorstand waren gut ausgelastet, so dass keinerlei Langeweile auf kam.<\/p>\n\n\n\n<p>Eine wirklich gelungene Aktion!<br>Vielen Dank an alle Mitwirkenden!<\/p>\n\n\n\n<figure class=\"wp-block-gallery has-nested-images columns-default is-cropped wp-block-gallery-1 is-layout-flex wp-block-gallery-is-layout-flex\">\n<figure class=\"wp-block-image size-large\"><a href=\"https:\/\/cgm-bw.de\/wp-content\/uploads\/2022\/12\/image-18.png\"><img loading=\"lazy\" decoding=\"async\" width=\"1000\" height=\"562\" data-id=\"195\" src=\"https:\/\/cgm-bw.de\/wp-content\/uploads\/2022\/12\/image-18.png\" alt=\"\" class=\"wp-image-195\" srcset=\"https:\/\/cgm-bw.de\/wp-content\/uploads\/2022\/12\/image-18.png 1000w, https:\/\/cgm-bw.de\/wp-content\/uploads\/2022\/12\/image-18-300x169.png 300w, https:\/\/cgm-bw.de\/wp-content\/uploads\/2022\/12\/image-18-768x432.png 768w\" sizes=\"auto, (max-width: 1000px) 100vw, 1000px\" \/><\/a><\/figure>\n\n\n\n<figure class=\"wp-block-image size-large\"><a href=\"https:\/\/cgm-bw.de\/wp-content\/uploads\/2022\/12\/image-19.png\"><img loading=\"lazy\" decoding=\"async\" width=\"1000\" height=\"563\" data-id=\"196\" src=\"https:\/\/cgm-bw.de\/wp-content\/uploads\/2022\/12\/image-19.png\" alt=\"\" class=\"wp-image-196\" srcset=\"https:\/\/cgm-bw.de\/wp-content\/uploads\/2022\/12\/image-19.png 1000w, https:\/\/cgm-bw.de\/wp-content\/uploads\/2022\/12\/image-19-300x169.png 300w, https:\/\/cgm-bw.de\/wp-content\/uploads\/2022\/12\/image-19-768x432.png 768w\" sizes=\"auto, (max-width: 1000px) 100vw, 1000px\" \/><\/a><\/figure>\n\n\n\n<figure class=\"wp-block-image size-large\"><a href=\"https:\/\/cgm-bw.de\/wp-content\/uploads\/2022\/12\/image-20.png\"><img loading=\"lazy\" decoding=\"async\" width=\"1000\" height=\"750\" data-id=\"197\" src=\"https:\/\/cgm-bw.de\/wp-content\/uploads\/2022\/12\/image-20.png\" alt=\"\" class=\"wp-image-197\" srcset=\"https:\/\/cgm-bw.de\/wp-content\/uploads\/2022\/12\/image-20.png 1000w, https:\/\/cgm-bw.de\/wp-content\/uploads\/2022\/12\/image-20-300x225.png 300w, https:\/\/cgm-bw.de\/wp-content\/uploads\/2022\/12\/image-20-768x576.png 768w\" sizes=\"auto, (max-width: 1000px) 100vw, 1000px\" \/><\/a><\/figure>\n<\/figure>\n","protected":false},"excerpt":{"rendered":"<p>Der CGM Bezirksverband Stuttgart war dieses Jahr auf der Jobmesse in der Carl Benz Arena vertreten und nutzte die guten M\u00f6glichkeiten einer gro\u00dfen Menge an Besuchern Gewerkschaftsarbeit im Allgemeinen und die CGM im Besonderen n\u00e4her zu bringen. Unser Stand stie\u00df auf breites Interesse und alle in 2 Schichten beteiligten ehrenamtlichen Helfer aus dem Bezirksvorstand waren &hellip; <\/p>\n<p class=\"link-more\"><a href=\"https:\/\/cgm-bw.de\/?p=194\" class=\"more-link\">Mehr <span class=\"screen-reader-text\">\u00fcber &#8222;CGM auf der 5. Jobmesse Stuttgart am 22.10.2022&#8220; <\/span>Lesen<\/a><\/p>\n","protected":false},"author":4,"featured_media":0,"comment_status":"open","ping_status":"open","sticky":false,"template":"","format":"standard","meta":{"footnotes":""},"categories":[5],"tags":[],"class_list":["post-194","post","type-post","status-publish","format-standard","hentry","category-stuttgart"],"_links":{"self":[{"href":"https:\/\/cgm-bw.de\/index.php?rest_route=\/wp\/v2\/posts\/194","targetHints":{"allow":["GET"]}}],"collection":[{"href":"https:\/\/cgm-bw.de\/index.php?rest_route=\/wp\/v2\/posts"}],"about":[{"href":"https:\/\/cgm-bw.de\/index.php?rest_route=\/wp\/v2\/types\/post"}],"author":[{"embeddable":true,"href":"https:\/\/cgm-bw.de\/index.php?rest_route=\/wp\/v2\/users\/4"}],"replies":[{"embeddable":true,"href":"https:\/\/cgm-bw.de\/index.php?rest_route=%2Fwp%2Fv2%2Fcomments&post=194"}],"version-history":[{"count":2,"href":"https:\/\/cgm-bw.de\/index.php?rest_route=\/wp\/v2\/posts\/194\/revisions"}],"predecessor-version":[{"id":365,"href":"https:\/\/cgm-bw.de\/index.php?rest_route=\/wp\/v2\/posts\/194\/revisions\/365"}],"wp:attachment":[{"href":"https:\/\/cgm-bw.de\/index.php?rest_route=%2Fwp%2Fv2%2Fmedia&parent=194"}],"wp:term":[{"taxonomy":"category","embeddable":true,"href":"https:\/\/cgm-bw.de\/index.php?rest_route=%2Fwp%2Fv2%2Fcategories&post=194"},{"taxonomy":"post_tag","embeddable":true,"href":"https:\/\/cgm-bw.de\/index.php?rest_route=%2Fwp%2Fv2%2Ftags&post=194"}],"curies":[{"name":"wp","href":"https:\/\/api.w.org\/{rel}","templated":true}]}}