{"id":213,"date":"2015-08-07T21:28:00","date_gmt":"2015-08-07T19:28:00","guid":{"rendered":"https:\/\/cgmbw.de\/?p=213"},"modified":"2022-12-11T21:30:39","modified_gmt":"2022-12-11T20:30:39","slug":"pressemitteilung-aus-und-weiterbildung-ist-aufgabe-der-gesamten-solidargemeinschaft","status":"publish","type":"post","link":"https:\/\/cgm-bw.de\/?p=213","title":{"rendered":"Pressemitteilung &#8211; Aus- und Weiterbildung ist Aufgabe der gesamten Solidargemeinschaft!"},"content":{"rendered":"\n<p><br><strong>Stuttgart, 7.8.2015<\/strong>. Die Arbeitswelt ist einem tiefgreifenden Wandel unterworfen. Jetzt, wo wieder ein neuer Jahrgang von Auszubildenden startet, stellt sich erneut die Frage, wie sich von Jahr zu Jahr Ausbildungsinhalte zum digitalen Wandel gut in die Ausbildung integrieren lassen, ohne dass junge Menschen mit zu hohen Anforderungen \u00fcberfrachtet werden und wie man kontinuierlich alle Generationen von Besch\u00e4ftigten durch Weiterbildung f\u00fcr die Zukunft r\u00fcstet. Andrea Nahles will, dass die Bundesagentur f\u00fcr Arbeit Qualifizierer der Bundesdeutschen wird und die Finanzierung ausschlie\u00dflich \u00fcber die Arbeitslosenversicherung m\u00f6glich machen. So geht es nicht!<\/p>\n\n\n\n<p>,,Wir, als CGM in den Betrieben vor Ort, sind Ansprechpartner f\u00fcr unsere Mitglieder, auch f\u00fcr unseren Nachwuchs. Ob es Berufsinformationstage sind, wo wir Arbeitsbereiche vorstellen oder ob wir allt\u00e4glich mit in der Verantwortung stehen, uns um Azubis zu k\u00fcmmern. Wir Gewerkschafter sind mit den Arbeitgebern zusammen im aktiven Austausch, dass die Aus- und Fortbildung von Fachkr\u00e4ften an vorderster Stelle stehen muss. Aber Einigkeit besteht auch darin, dass dies nicht nur aus den Beitr\u00e4gen einzelner Gruppen der Solidargemeinschaft finanziert werden darf!&#8220; betont Adalbert Ewen mit Nachdruck.<\/p>\n\n\n\n<p>Deshalb fordern wir, als CGM: Der Wirtschaftsstandort Deutschland muss von uns allen, also im Sinne des Solidarprinzips, gestaltet Aus- und Weiterbildung von uns allen bezahlt werden! Von einer wettbewerbsf\u00e4higen und sozialen Marktwirtschaft profitiert schlie\u00dflich jeder!<\/p>\n\n\n\n<p>Die CGM steht auf den Grundlagen der christlichen Soziallehre und ist die einzige durch h\u00f6chstrichterliche Entscheidung anerkannte Gewerkschaft f\u00fcr die Metall- und Elektroindustrie, die Metallhandwerke sowie die IT-Branche in Deutschland. Die CGM ist ihren Mitgliedern pers\u00f6nlicher Ansprechpartner f\u00fcr Arbeits- und Sozialrechtsschutz sowie Weiterbildung und Qualifikation von Betriebsr\u00e4ten und Vertrauensleuten. Sie leistet seit 1899 erfolgreiche und fundierte Tarifarbeit und erarbeitet Stellungnahmen zum aktuellen politischen Geschehen.<\/p>\n\n\n\n<figure class=\"wp-block-image size-large\"><img loading=\"lazy\" decoding=\"async\" width=\"723\" height=\"1024\" src=\"https:\/\/cgmbw.de\/wp-content\/uploads\/2022\/12\/image-23-723x1024.png\" alt=\"\" class=\"wp-image-214\" srcset=\"https:\/\/cgm-bw.de\/wp-content\/uploads\/2022\/12\/image-23-723x1024.png 723w, https:\/\/cgm-bw.de\/wp-content\/uploads\/2022\/12\/image-23-212x300.png 212w, https:\/\/cgm-bw.de\/wp-content\/uploads\/2022\/12\/image-23-768x1087.png 768w, https:\/\/cgm-bw.de\/wp-content\/uploads\/2022\/12\/image-23-1085x1536.png 1085w, https:\/\/cgm-bw.de\/wp-content\/uploads\/2022\/12\/image-23.png 1239w\" sizes=\"auto, (max-width: 723px) 100vw, 723px\" \/><\/figure>\n","protected":false},"excerpt":{"rendered":"<p>Stuttgart, 7.8.2015. Die Arbeitswelt ist einem tiefgreifenden Wandel unterworfen. Jetzt, wo wieder ein neuer Jahrgang von Auszubildenden startet, stellt sich erneut die Frage, wie sich von Jahr zu Jahr Ausbildungsinhalte zum digitalen Wandel gut in die Ausbildung integrieren lassen, ohne dass junge Menschen mit zu hohen Anforderungen \u00fcberfrachtet werden und wie man kontinuierlich alle Generationen &hellip; <\/p>\n<p class=\"link-more\"><a href=\"https:\/\/cgm-bw.de\/?p=213\" class=\"more-link\">Mehr <span class=\"screen-reader-text\">\u00fcber &#8222;Pressemitteilung &#8211; Aus- und Weiterbildung ist Aufgabe der gesamten Solidargemeinschaft!&#8220; <\/span>Lesen<\/a><\/p>\n","protected":false},"author":3,"featured_media":0,"comment_status":"open","ping_status":"open","sticky":false,"template":"","format":"standard","meta":{"footnotes":""},"categories":[7],"tags":[],"class_list":["post-213","post","type-post","status-publish","format-standard","hentry","category-ostwuerttemberg"],"_links":{"self":[{"href":"https:\/\/cgm-bw.de\/index.php?rest_route=\/wp\/v2\/posts\/213","targetHints":{"allow":["GET"]}}],"collection":[{"href":"https:\/\/cgm-bw.de\/index.php?rest_route=\/wp\/v2\/posts"}],"about":[{"href":"https:\/\/cgm-bw.de\/index.php?rest_route=\/wp\/v2\/types\/post"}],"author":[{"embeddable":true,"href":"https:\/\/cgm-bw.de\/index.php?rest_route=\/wp\/v2\/users\/3"}],"replies":[{"embeddable":true,"href":"https:\/\/cgm-bw.de\/index.php?rest_route=%2Fwp%2Fv2%2Fcomments&post=213"}],"version-history":[{"count":1,"href":"https:\/\/cgm-bw.de\/index.php?rest_route=\/wp\/v2\/posts\/213\/revisions"}],"predecessor-version":[{"id":215,"href":"https:\/\/cgm-bw.de\/index.php?rest_route=\/wp\/v2\/posts\/213\/revisions\/215"}],"wp:attachment":[{"href":"https:\/\/cgm-bw.de\/index.php?rest_route=%2Fwp%2Fv2%2Fmedia&parent=213"}],"wp:term":[{"taxonomy":"category","embeddable":true,"href":"https:\/\/cgm-bw.de\/index.php?rest_route=%2Fwp%2Fv2%2Fcategories&post=213"},{"taxonomy":"post_tag","embeddable":true,"href":"https:\/\/cgm-bw.de\/index.php?rest_route=%2Fwp%2Fv2%2Ftags&post=213"}],"curies":[{"name":"wp","href":"https:\/\/api.w.org\/{rel}","templated":true}]}}