{"id":216,"date":"2015-08-27T21:30:00","date_gmt":"2015-08-27T19:30:00","guid":{"rendered":"https:\/\/cgmbw.de\/?p=216"},"modified":"2022-12-11T21:31:36","modified_gmt":"2022-12-11T20:31:36","slug":"die-cgm-verurteilt-die-anschlaege-auf-fluechtlingsunterkuenfte-aufs-schaerfste","status":"publish","type":"post","link":"https:\/\/cgm-bw.de\/?p=216","title":{"rendered":"Die CGM verurteilt die Anschl\u00e4ge auf Fl\u00fcchtlingsunterk\u00fcnfte aufs Sch\u00e4rfste!"},"content":{"rendered":"\n<h3 class=\"wp-block-heading\"><strong>Stuttgart, 24.8.2015.Der Vorsitzende des Landesverbandes Baden-W\u00fcrttemberg der CGM, Markus Malm, ruft zur Mitmenschlichkeit gegen\u00fcber den Fl\u00fcchtlingen auf.<\/strong><\/h3>\n\n\n\n<p>Seit Monaten h\u00e4ufen sich die \u00dcbergriffe auf Unterk\u00fcnfte, in denen Menschen vor\u00fcbergehend untergebracht sind, die vor Krieg und Terror geflohen sind. Der j\u00fcngste Brandanschlag auf ein Geb\u00e4ude in Baden-W\u00fcrttemberg, in das nach einer Renovierung Asylbed\u00fcrftige einziehen sollten, ist nun vollst\u00e4ndig niedergebrannt und somit langfristig nicht mehr nutzbar.<\/p>\n\n\n\n<p>Markus Malm: \u201eWir christlichen Gewerkschafter sind entsetzt von dieser Gewaltbereitschaft und von einem derart rohen Umgang mit Menschen, die alles verloren haben und Hilfe brauchen! Gerade bei uns in Baden-W\u00fcrttemberg sieht man doch, wie gut die Unterst\u00fctzung durch die Bev\u00f6lkerung ist, weil wir von unserem Wohlstand gerne abgeben, wenn es sich um humanit\u00e4re Katastrophen handelt. Bei Brandstiftern und Gewaltt\u00e4tern, die das Grundrecht auf Asyl missachten, muss man aber mit allen Mitteln des Rechtsstaats konsequent und mit voller H\u00e4rte durchgreifen. Wir als Christliche Gewerkschaft Metall solidarisieren uns mit den Menschen, die unseren Beistand brauchen, weil sie in ihren L\u00e4ndern verfolgt werden und dort nicht mehr sicher leben k\u00f6nnen.\u201c<\/p>\n\n\n\n<p>Die CGM steht auf den Grundlagen der christlichen Soziallehre und ist die einzige durch h\u00f6chstrichterliche Entscheidung anerkannte Gewerkschaft f\u00fcr die Metall- und Elektroindustrie, die Metallhandwerke sowie die IT-Branche in Deutschland. Die CGM ist ihren Mitgliedern pers\u00f6nlicher Ansprechpartner f\u00fcr Arbeits- und Sozialrechtsschutz sowie Weiterbildung und Qualifikation von Betriebsr\u00e4ten und Vertrauensleuten. Sie leistet seit 1899 erfolgreiche und fundierte Tarifarbeit und erarbeitet Stellung\u00adnahmen zum aktuellen politischen Geschehen.<\/p>\n","protected":false},"excerpt":{"rendered":"<p>Stuttgart, 24.8.2015.Der Vorsitzende des Landesverbandes Baden-W\u00fcrttemberg der CGM, Markus Malm, ruft zur Mitmenschlichkeit gegen\u00fcber den Fl\u00fcchtlingen auf. Seit Monaten h\u00e4ufen sich die \u00dcbergriffe auf Unterk\u00fcnfte, in denen Menschen vor\u00fcbergehend untergebracht sind, die vor Krieg und Terror geflohen sind. Der j\u00fcngste Brandanschlag auf ein Geb\u00e4ude in Baden-W\u00fcrttemberg, in das nach einer Renovierung Asylbed\u00fcrftige einziehen sollten, ist &hellip; <\/p>\n<p class=\"link-more\"><a href=\"https:\/\/cgm-bw.de\/?p=216\" class=\"more-link\">Mehr <span class=\"screen-reader-text\">\u00fcber &#8222;Die CGM verurteilt die Anschl\u00e4ge auf Fl\u00fcchtlingsunterk\u00fcnfte aufs Sch\u00e4rfste!&#8220; <\/span>Lesen<\/a><\/p>\n","protected":false},"author":3,"featured_media":0,"comment_status":"open","ping_status":"open","sticky":false,"template":"","format":"standard","meta":{"footnotes":""},"categories":[7],"tags":[],"class_list":["post-216","post","type-post","status-publish","format-standard","hentry","category-ostwuerttemberg"],"_links":{"self":[{"href":"https:\/\/cgm-bw.de\/index.php?rest_route=\/wp\/v2\/posts\/216","targetHints":{"allow":["GET"]}}],"collection":[{"href":"https:\/\/cgm-bw.de\/index.php?rest_route=\/wp\/v2\/posts"}],"about":[{"href":"https:\/\/cgm-bw.de\/index.php?rest_route=\/wp\/v2\/types\/post"}],"author":[{"embeddable":true,"href":"https:\/\/cgm-bw.de\/index.php?rest_route=\/wp\/v2\/users\/3"}],"replies":[{"embeddable":true,"href":"https:\/\/cgm-bw.de\/index.php?rest_route=%2Fwp%2Fv2%2Fcomments&post=216"}],"version-history":[{"count":1,"href":"https:\/\/cgm-bw.de\/index.php?rest_route=\/wp\/v2\/posts\/216\/revisions"}],"predecessor-version":[{"id":217,"href":"https:\/\/cgm-bw.de\/index.php?rest_route=\/wp\/v2\/posts\/216\/revisions\/217"}],"wp:attachment":[{"href":"https:\/\/cgm-bw.de\/index.php?rest_route=%2Fwp%2Fv2%2Fmedia&parent=216"}],"wp:term":[{"taxonomy":"category","embeddable":true,"href":"https:\/\/cgm-bw.de\/index.php?rest_route=%2Fwp%2Fv2%2Fcategories&post=216"},{"taxonomy":"post_tag","embeddable":true,"href":"https:\/\/cgm-bw.de\/index.php?rest_route=%2Fwp%2Fv2%2Ftags&post=216"}],"curies":[{"name":"wp","href":"https:\/\/api.w.org\/{rel}","templated":true}]}}