{"id":220,"date":"2015-10-21T21:36:00","date_gmt":"2015-10-21T19:36:00","guid":{"rendered":"https:\/\/cgmbw.de\/?p=220"},"modified":"2022-12-11T21:37:30","modified_gmt":"2022-12-11T20:37:30","slug":"cgm-ostwuerttemberg-ehrt-verdiente-mitglieder-fuer-ihre-treue-zur-gewerkschaft","status":"publish","type":"post","link":"https:\/\/cgm-bw.de\/?p=220","title":{"rendered":"CGM Ostw\u00fcrttemberg ehrt verdiente Mitglieder f\u00fcr ihre Treue zur Gewerkschaft"},"content":{"rendered":"\n<p>Langj\u00e4hrige Mitglieder und aktuelle Entwicklungen standen im Mittelpunkt der CGM-Mitgliederversammlung in Aalen-Oberalfingen. Rolf Oetinger, Gesch\u00e4ftsf\u00fchrer des Bezirksverbands Ostw\u00fcrttemberg, und der Vorsitzende Martin Ocker nahmen die Ehrungen f\u00fcr 25, 40, 50 und sogar 60 Jahre vor.<\/p>\n\n\n\n<p>Unter dem Titel \u201eCGM &#8211; gemeinsam in eine starke Zukunft\u201c berichtete Gesch\u00e4ftsf\u00fchrer Oetinger \u00fcber die geplante Modernisierung der Leistungen und neue Anforderungen im Arbeitsleben. Er versprach: \u201eInZukunft werden wir mit spezialisierten Ansprechpartnern die Fragen unserer Mitglieder noch detaillierter antworten und sie unterst\u00fctzen.\u201c<\/p>\n\n\n\n<p>Die CGM ber\u00e4t Arbeitnehmer direkt und in allen Belangen rund ums Berufsleben. \u201eWir erm\u00f6glichen unseren Mitgliedern durch individuelle Hilfe ein m\u00f6glichst sorgenfreies Arbeitsleben.\u201c Zus\u00e4tzlicheLeistungen f\u00fcr Arbeitnehmer, Betriebsr\u00e4te, Auszubildende und Senioren sollen auf dem Bundesgewerkschaftstag an diesem Wochenende beschlossen werden.<\/p>\n\n\n\n<p>Einige Neuerungen wurden bereits umgesetzt. So k\u00f6nnen sich Mitglieder seit Mai au\u00dferhalb der B\u00fcrozeiten von Montag bis Freitag zwischen 18 und 22 Uhr und am Samstag und Sonntag zwischen 10 und 18 Uhr an das CGM-Notfalltelefon wenden. Ein Gesch\u00e4ftsf\u00fchrer gibt bei arbeits- und sozialrechtlichen Problem eine Erstberatung.<\/p>\n\n\n\n<p>Auf der Mitgliederversammlung wurden auch Themen wie Elternzeit, betriebliche Kita-Angebote, Industrie 4.0 oder autonomes Fahren diskutiert.<\/p>\n\n\n\n<figure class=\"wp-block-image\" id=\"yui_3_17_2_1_1670789959957_182\"><img decoding=\"async\" src=\"https:\/\/images.squarespace-cdn.com\/content\/v1\/54514a7de4b04e075319ef92\/1445409497079-7P3IDO28IGJE8ERJTNSU\/image-asset.jpeg?format=1500w\" alt=\"\"\/><figcaption class=\"wp-element-caption\"><strong>Foto:<\/strong> Der Gesch\u00e4ftsf\u00fchrer Rolf Oetinger (5. von links) und der Vorsitzende Martin Ocker (links) ehren langj\u00e4hrige Mitglieder der CGM Ostw\u00fcrttemberg.<\/figcaption><\/figure>\n","protected":false},"excerpt":{"rendered":"<p>Langj\u00e4hrige Mitglieder und aktuelle Entwicklungen standen im Mittelpunkt der CGM-Mitgliederversammlung in Aalen-Oberalfingen. Rolf Oetinger, Gesch\u00e4ftsf\u00fchrer des Bezirksverbands Ostw\u00fcrttemberg, und der Vorsitzende Martin Ocker nahmen die Ehrungen f\u00fcr 25, 40, 50 und sogar 60 Jahre vor. Unter dem Titel \u201eCGM &#8211; gemeinsam in eine starke Zukunft\u201c berichtete Gesch\u00e4ftsf\u00fchrer Oetinger \u00fcber die geplante Modernisierung der Leistungen und &hellip; <\/p>\n<p class=\"link-more\"><a href=\"https:\/\/cgm-bw.de\/?p=220\" class=\"more-link\">Mehr <span class=\"screen-reader-text\">\u00fcber &#8222;CGM Ostw\u00fcrttemberg ehrt verdiente Mitglieder f\u00fcr ihre Treue zur Gewerkschaft&#8220; <\/span>Lesen<\/a><\/p>\n","protected":false},"author":3,"featured_media":0,"comment_status":"open","ping_status":"open","sticky":false,"template":"","format":"standard","meta":{"footnotes":""},"categories":[7],"tags":[],"class_list":["post-220","post","type-post","status-publish","format-standard","hentry","category-ostwuerttemberg"],"_links":{"self":[{"href":"https:\/\/cgm-bw.de\/index.php?rest_route=\/wp\/v2\/posts\/220","targetHints":{"allow":["GET"]}}],"collection":[{"href":"https:\/\/cgm-bw.de\/index.php?rest_route=\/wp\/v2\/posts"}],"about":[{"href":"https:\/\/cgm-bw.de\/index.php?rest_route=\/wp\/v2\/types\/post"}],"author":[{"embeddable":true,"href":"https:\/\/cgm-bw.de\/index.php?rest_route=\/wp\/v2\/users\/3"}],"replies":[{"embeddable":true,"href":"https:\/\/cgm-bw.de\/index.php?rest_route=%2Fwp%2Fv2%2Fcomments&post=220"}],"version-history":[{"count":1,"href":"https:\/\/cgm-bw.de\/index.php?rest_route=\/wp\/v2\/posts\/220\/revisions"}],"predecessor-version":[{"id":221,"href":"https:\/\/cgm-bw.de\/index.php?rest_route=\/wp\/v2\/posts\/220\/revisions\/221"}],"wp:attachment":[{"href":"https:\/\/cgm-bw.de\/index.php?rest_route=%2Fwp%2Fv2%2Fmedia&parent=220"}],"wp:term":[{"taxonomy":"category","embeddable":true,"href":"https:\/\/cgm-bw.de\/index.php?rest_route=%2Fwp%2Fv2%2Fcategories&post=220"},{"taxonomy":"post_tag","embeddable":true,"href":"https:\/\/cgm-bw.de\/index.php?rest_route=%2Fwp%2Fv2%2Ftags&post=220"}],"curies":[{"name":"wp","href":"https:\/\/api.w.org\/{rel}","templated":true}]}}