{"id":229,"date":"2021-02-12T21:46:00","date_gmt":"2021-02-12T20:46:00","guid":{"rendered":"https:\/\/cgmbw.de\/?p=229"},"modified":"2022-12-11T21:46:57","modified_gmt":"2022-12-11T20:46:57","slug":"bosch-schwaebisch-gmuend-cgm-betriebsraete-forderten-das-gesamte-betriebsratsgremium-bereits-am-15-01-2021-dazu-auf-eine-betriebsvereinbarung-ueber-die-alte-regelung-der-gleitzeit-zu-vereinbaren","status":"publish","type":"post","link":"https:\/\/cgm-bw.de\/?p=229","title":{"rendered":"Bosch Schw\u00e4bisch Gm\u00fcnd: CGM-Betriebsr\u00e4te forderten das gesamte Betriebsratsgremium bereits am 15.01.2021 dazu auf eine Betriebsvereinbarung \u00fcber die alte Regelung der Gleitzeit zu vereinbaren!"},"content":{"rendered":"\n<p>Liebes CGM Mitglied,<\/p>\n\n\n\n<p>ohne den Einsatz deines CGM Betriebsrates w\u00e4re das Thema des \u201eGleitzeitabzuges bei Krankheit\u201c genauso wie der Arbeitsplatzabbau bei Bosch AS in Schw\u00e4bisch Gm\u00fcnd in einem stillen K\u00e4mmerchen verhandelt worden. Leider mussten wir am, 07.01.2021 vom Arbeitgeber (Aushang am Schwarzen Brett) erfahren, dass bei der Kompensation der Gleitzeit die geleisteten Stunden im Krankheitsfall verfallen. Aufgrund des Antrages des CGM Betriebsrates vom 15.01.2021 wurde das Betriebsratsgremium aufgefordert gemeinsam mit dem Arbeitgeber eine Betriebsvereinbarung \u00fcber die alte Regelung der Gleitzeit zu vereinbaren.<\/p>\n\n\n\n<p>Weitere Hintergrundinformationen befinden sich in dem anbei befindenden Flyer der CGM Sulzbach.<\/p>\n\n\n\n<p>Wir sind die Industrie!<\/p>\n\n\n\n<p>Deine CGM Betriebsr\u00e4te bei Bosch AS in Schw\u00e4bisch Gm\u00fcnd.<\/p>\n\n\n\n<figure class=\"wp-block-image size-large\"><img loading=\"lazy\" decoding=\"async\" width=\"724\" height=\"1024\" src=\"https:\/\/cgmbw.de\/wp-content\/uploads\/2022\/12\/image-25-724x1024.png\" alt=\"\" class=\"wp-image-230\" srcset=\"https:\/\/cgm-bw.de\/wp-content\/uploads\/2022\/12\/image-25-724x1024.png 724w, https:\/\/cgm-bw.de\/wp-content\/uploads\/2022\/12\/image-25-212x300.png 212w, https:\/\/cgm-bw.de\/wp-content\/uploads\/2022\/12\/image-25-768x1087.png 768w, https:\/\/cgm-bw.de\/wp-content\/uploads\/2022\/12\/image-25-1085x1536.png 1085w, https:\/\/cgm-bw.de\/wp-content\/uploads\/2022\/12\/image-25-1447x2048.png 1447w, https:\/\/cgm-bw.de\/wp-content\/uploads\/2022\/12\/image-25.png 1500w\" sizes=\"auto, (max-width: 724px) 100vw, 724px\" \/><\/figure>\n","protected":false},"excerpt":{"rendered":"<p>Liebes CGM Mitglied, ohne den Einsatz deines CGM Betriebsrates w\u00e4re das Thema des \u201eGleitzeitabzuges bei Krankheit\u201c genauso wie der Arbeitsplatzabbau bei Bosch AS in Schw\u00e4bisch Gm\u00fcnd in einem stillen K\u00e4mmerchen verhandelt worden. Leider mussten wir am, 07.01.2021 vom Arbeitgeber (Aushang am Schwarzen Brett) erfahren, dass bei der Kompensation der Gleitzeit die geleisteten Stunden im Krankheitsfall &hellip; <\/p>\n<p class=\"link-more\"><a href=\"https:\/\/cgm-bw.de\/?p=229\" class=\"more-link\">Mehr <span class=\"screen-reader-text\">\u00fcber &#8222;Bosch Schw\u00e4bisch Gm\u00fcnd: CGM-Betriebsr\u00e4te forderten das gesamte Betriebsratsgremium bereits am 15.01.2021 dazu auf eine Betriebsvereinbarung \u00fcber die alte Regelung der Gleitzeit zu vereinbaren!&#8220; <\/span>Lesen<\/a><\/p>\n","protected":false},"author":3,"featured_media":0,"comment_status":"open","ping_status":"open","sticky":false,"template":"","format":"standard","meta":{"footnotes":""},"categories":[1],"tags":[],"class_list":["post-229","post","type-post","status-publish","format-standard","hentry","category-cgmbw_de"],"_links":{"self":[{"href":"https:\/\/cgm-bw.de\/index.php?rest_route=\/wp\/v2\/posts\/229","targetHints":{"allow":["GET"]}}],"collection":[{"href":"https:\/\/cgm-bw.de\/index.php?rest_route=\/wp\/v2\/posts"}],"about":[{"href":"https:\/\/cgm-bw.de\/index.php?rest_route=\/wp\/v2\/types\/post"}],"author":[{"embeddable":true,"href":"https:\/\/cgm-bw.de\/index.php?rest_route=\/wp\/v2\/users\/3"}],"replies":[{"embeddable":true,"href":"https:\/\/cgm-bw.de\/index.php?rest_route=%2Fwp%2Fv2%2Fcomments&post=229"}],"version-history":[{"count":1,"href":"https:\/\/cgm-bw.de\/index.php?rest_route=\/wp\/v2\/posts\/229\/revisions"}],"predecessor-version":[{"id":231,"href":"https:\/\/cgm-bw.de\/index.php?rest_route=\/wp\/v2\/posts\/229\/revisions\/231"}],"wp:attachment":[{"href":"https:\/\/cgm-bw.de\/index.php?rest_route=%2Fwp%2Fv2%2Fmedia&parent=229"}],"wp:term":[{"taxonomy":"category","embeddable":true,"href":"https:\/\/cgm-bw.de\/index.php?rest_route=%2Fwp%2Fv2%2Fcategories&post=229"},{"taxonomy":"post_tag","embeddable":true,"href":"https:\/\/cgm-bw.de\/index.php?rest_route=%2Fwp%2Fv2%2Ftags&post=229"}],"curies":[{"name":"wp","href":"https:\/\/api.w.org\/{rel}","templated":true}]}}