{"id":232,"date":"2022-09-20T21:46:00","date_gmt":"2022-09-20T19:46:00","guid":{"rendered":"https:\/\/cgmbw.de\/?p=232"},"modified":"2022-12-11T21:47:59","modified_gmt":"2022-12-11T20:47:59","slug":"cgm-bezirksverband-ostwuerttemberg","status":"publish","type":"post","link":"https:\/\/cgm-bw.de\/?p=232","title":{"rendered":"CGM Bezirksverband Ostw\u00fcrttemberg"},"content":{"rendered":"\n<p>Zeit: &nbsp;&nbsp;&nbsp;&nbsp;Samstag, den 26. November 2022 um 14.00 Uhr<\/p>\n\n\n\n<p>Ort: &nbsp;&nbsp;&nbsp;&nbsp; Gasthaus Krone, 73527 Schw\u00e4bisch Gm\u00fcnd-Zimmern, B\u00f6binger Strasse 3<\/p>\n\n\n\n<p>Tagesordnung:<\/p>\n\n\n\n<ol class=\"wp-block-list\">\n<li>Begr\u00fc\u00dfung<\/li>\n\n\n\n<li>Totengedenken<\/li>\n\n\n\n<li>Bericht des Bezirksvorsitzenden<\/li>\n\n\n\n<li>Bericht des Gesch\u00e4ftsf\u00fchrers<\/li>\n\n\n\n<li>Bericht des Kassiers<\/li>\n\n\n\n<li>Bericht der Kassenpr\u00fcfer<\/li>\n\n\n\n<li>Aussprache<\/li>\n\n\n\n<li>Entlastung des Bezirksvorstandes<\/li>\n\n\n\n<li>Wahl eines Wahlausschusses<\/li>\n\n\n\n<li>Neuwahl des Bezirksvorstandes<\/li>\n\n\n\n<li>Wahl Kassenpr\u00fcfer<\/li>\n\n\n\n<li>Wahl der Delegierten zum Landesgewerkschaftstages 2023<\/li>\n\n\n\n<li>Wahl der Delegierten zum Bundesgewerkschaftstages 2023<\/li>\n\n\n\n<li>Ehrungen<\/li>\n\n\n\n<li>Verschiedenes<\/li>\n<\/ol>\n","protected":false},"excerpt":{"rendered":"<p>Zeit: &nbsp;&nbsp;&nbsp;&nbsp;Samstag, den 26. November 2022 um 14.00 Uhr Ort: &nbsp;&nbsp;&nbsp;&nbsp; Gasthaus Krone, 73527 Schw\u00e4bisch Gm\u00fcnd-Zimmern, B\u00f6binger Strasse 3 Tagesordnung:<\/p>\n","protected":false},"author":3,"featured_media":0,"comment_status":"open","ping_status":"open","sticky":false,"template":"","format":"standard","meta":{"footnotes":""},"categories":[7],"tags":[],"class_list":["post-232","post","type-post","status-publish","format-standard","hentry","category-ostwuerttemberg"],"_links":{"self":[{"href":"https:\/\/cgm-bw.de\/index.php?rest_route=\/wp\/v2\/posts\/232","targetHints":{"allow":["GET"]}}],"collection":[{"href":"https:\/\/cgm-bw.de\/index.php?rest_route=\/wp\/v2\/posts"}],"about":[{"href":"https:\/\/cgm-bw.de\/index.php?rest_route=\/wp\/v2\/types\/post"}],"author":[{"embeddable":true,"href":"https:\/\/cgm-bw.de\/index.php?rest_route=\/wp\/v2\/users\/3"}],"replies":[{"embeddable":true,"href":"https:\/\/cgm-bw.de\/index.php?rest_route=%2Fwp%2Fv2%2Fcomments&post=232"}],"version-history":[{"count":1,"href":"https:\/\/cgm-bw.de\/index.php?rest_route=\/wp\/v2\/posts\/232\/revisions"}],"predecessor-version":[{"id":233,"href":"https:\/\/cgm-bw.de\/index.php?rest_route=\/wp\/v2\/posts\/232\/revisions\/233"}],"wp:attachment":[{"href":"https:\/\/cgm-bw.de\/index.php?rest_route=%2Fwp%2Fv2%2Fmedia&parent=232"}],"wp:term":[{"taxonomy":"category","embeddable":true,"href":"https:\/\/cgm-bw.de\/index.php?rest_route=%2Fwp%2Fv2%2Fcategories&post=232"},{"taxonomy":"post_tag","embeddable":true,"href":"https:\/\/cgm-bw.de\/index.php?rest_route=%2Fwp%2Fv2%2Ftags&post=232"}],"curies":[{"name":"wp","href":"https:\/\/api.w.org\/{rel}","templated":true}]}}