{"id":238,"date":"2019-10-14T06:45:00","date_gmt":"2019-10-14T04:45:00","guid":{"rendered":"https:\/\/cgmbw.de\/?p=238"},"modified":"2022-12-12T09:48:51","modified_gmt":"2022-12-12T08:48:51","slug":"besuch-des-daimler-werks-in-sindelfingen-inkl-teststrecke","status":"publish","type":"post","link":"https:\/\/cgm-bw.de\/?p=238","title":{"rendered":"Besuch des Daimler Werks in Sindelfingen (inkl. Teststrecke)"},"content":{"rendered":"\n<figure class=\"wp-block-image size-full\"><img loading=\"lazy\" decoding=\"async\" width=\"600\" height=\"449\" src=\"https:\/\/cgmbw.de\/wp-content\/uploads\/2022\/12\/image-26.png\" alt=\"\" class=\"wp-image-239\" srcset=\"https:\/\/cgm-bw.de\/wp-content\/uploads\/2022\/12\/image-26.png 600w, https:\/\/cgm-bw.de\/wp-content\/uploads\/2022\/12\/image-26-300x225.png 300w\" sizes=\"auto, (max-width: 600px) 100vw, 600px\" \/><\/figure>\n\n\n\n<p><strong>Start:<\/strong>\u00a0\u00a0\u00a0\u00a0\u00a0\u00a0\u00a0\u00a0\u00a0\u00a0\u00a0\u00a0\u00a014.10.19 morgens 06.45 Uhr auf dem MTU-Parkplatz.<\/p>\n\n\n\n<p>&nbsp;<strong>Ziel:&nbsp;&nbsp;&nbsp;&nbsp;&nbsp;&nbsp;&nbsp;&nbsp;&nbsp;&nbsp;&nbsp;&nbsp;&nbsp;&nbsp;&nbsp;<\/strong>Ist das&nbsp;<strong>Mercedes-Benz Werk Sindelfingen<\/strong>&nbsp;&#8211; das gr\u00f6\u00dfte Werk des deutschen Automobilherstellers<\/p>\n\n\n\n<p><strong>Ankunft\u00a0\u00a0\u00a0\u00a0\u00a0\u00a0\u00a0\u00a0\u00a0\u00a0<\/strong>p\u00fcnktlich 09.00 Uhr Parkplatz Mercedes Benz Kundencenter<\/p>\n\n\n\n<p>Dank an unseren Kollegen J\u00fcrgen Stahl f\u00fcr seine perfekte Organisation. Unmittelbar nach der Ankunft bekamen wir so schnell unsere Karten zur Werksbesichtigung, dass wir noch Zeit f\u00fcr eine Tasse Kaffee hatten. Nach einem kurzen Film \u00fcber Daimler Benz gings dann in die Fabrik.<\/p>\n\n\n\n<p>Von der Blechfertigung mit den riesigen Pressen der Firma M\u00fcller Weingarten bis zur Produktionslinie der S-Klasse bekamen wir einen tollen Einblick in die Produktion.\u00a0<\/p>\n\n\n\n<p>Im Anschluss wurden wir im \u201cFeel-Good\u201c empfangen, wo wir bestens vom Buffet verk\u00f6stigt wurden. Frisch gest\u00e4rkt ging es im Anschluss quer durchs Daimler Werk zum CGM B\u00fcro. Hier diskutierten wir verschiedene Jugendthemen.<\/p>\n\n\n\n<p>Jedoch das Highlight des Tages\u2026\u2026<\/p>\n\n\n\n<p>die Einfahrbahn oder auch Teststrecke des Werkes Sindelfingen. In 3er Gruppen wurden wir in einem GLE 450 AMG vom Chef der Teststrecke abgeholt. Mit ihm wurde der AMG auf Herz und Nieren getestet. Nebenbei erkl\u00e4rte er uns die Funktionen\/Aufgaben der unterschiedlichen Teststrecken auf dem Firmengel\u00e4nde.<\/p>\n\n\n\n<p>Alles in allem ein Super Ausflug und eine tolle Organisation von der CGM-Betriebsgruppe in Sindelfingen.<\/p>\n\n\n\n<p>Schauen wir mal wohin uns die CGM das n\u00e4chste Mal f\u00fchrt.<\/p>\n","protected":false},"excerpt":{"rendered":"<p>Start:\u00a0\u00a0\u00a0\u00a0\u00a0\u00a0\u00a0\u00a0\u00a0\u00a0\u00a0\u00a0\u00a014.10.19 morgens 06.45 Uhr auf dem MTU-Parkplatz. &nbsp;Ziel:&nbsp;&nbsp;&nbsp;&nbsp;&nbsp;&nbsp;&nbsp;&nbsp;&nbsp;&nbsp;&nbsp;&nbsp;&nbsp;&nbsp;&nbsp;Ist das&nbsp;Mercedes-Benz Werk Sindelfingen&nbsp;&#8211; das gr\u00f6\u00dfte Werk des deutschen Automobilherstellers Ankunft\u00a0\u00a0\u00a0\u00a0\u00a0\u00a0\u00a0\u00a0\u00a0\u00a0p\u00fcnktlich 09.00 Uhr Parkplatz Mercedes Benz Kundencenter Dank an unseren Kollegen J\u00fcrgen Stahl f\u00fcr seine perfekte Organisation. Unmittelbar nach der Ankunft bekamen wir so schnell unsere Karten zur Werksbesichtigung, dass wir noch Zeit f\u00fcr eine Tasse Kaffee hatten. &hellip; <\/p>\n<p class=\"link-more\"><a href=\"https:\/\/cgm-bw.de\/?p=238\" class=\"more-link\">Mehr <span class=\"screen-reader-text\">\u00fcber &#8222;Besuch des Daimler Werks in Sindelfingen (inkl. Teststrecke)&#8220; <\/span>Lesen<\/a><\/p>\n","protected":false},"author":1,"featured_media":0,"comment_status":"open","ping_status":"open","sticky":false,"template":"","format":"standard","meta":{"footnotes":""},"categories":[13],"tags":[],"class_list":["post-238","post","type-post","status-publish","format-standard","hentry","category-jugend"],"_links":{"self":[{"href":"https:\/\/cgm-bw.de\/index.php?rest_route=\/wp\/v2\/posts\/238","targetHints":{"allow":["GET"]}}],"collection":[{"href":"https:\/\/cgm-bw.de\/index.php?rest_route=\/wp\/v2\/posts"}],"about":[{"href":"https:\/\/cgm-bw.de\/index.php?rest_route=\/wp\/v2\/types\/post"}],"author":[{"embeddable":true,"href":"https:\/\/cgm-bw.de\/index.php?rest_route=\/wp\/v2\/users\/1"}],"replies":[{"embeddable":true,"href":"https:\/\/cgm-bw.de\/index.php?rest_route=%2Fwp%2Fv2%2Fcomments&post=238"}],"version-history":[{"count":1,"href":"https:\/\/cgm-bw.de\/index.php?rest_route=\/wp\/v2\/posts\/238\/revisions"}],"predecessor-version":[{"id":240,"href":"https:\/\/cgm-bw.de\/index.php?rest_route=\/wp\/v2\/posts\/238\/revisions\/240"}],"wp:attachment":[{"href":"https:\/\/cgm-bw.de\/index.php?rest_route=%2Fwp%2Fv2%2Fmedia&parent=238"}],"wp:term":[{"taxonomy":"category","embeddable":true,"href":"https:\/\/cgm-bw.de\/index.php?rest_route=%2Fwp%2Fv2%2Fcategories&post=238"},{"taxonomy":"post_tag","embeddable":true,"href":"https:\/\/cgm-bw.de\/index.php?rest_route=%2Fwp%2Fv2%2Ftags&post=238"}],"curies":[{"name":"wp","href":"https:\/\/api.w.org\/{rel}","templated":true}]}}