{"id":241,"date":"2019-10-18T08:00:00","date_gmt":"2019-10-18T06:00:00","guid":{"rendered":"https:\/\/cgmbw.de\/?p=241"},"modified":"2022-12-12T09:50:46","modified_gmt":"2022-12-12T08:50:46","slug":"jugendseminar-in-stuttgart-inkl-fun-more","status":"publish","type":"post","link":"https:\/\/cgm-bw.de\/?p=241","title":{"rendered":"Jugendseminar in Stuttgart (inkl. Fun &amp; More)"},"content":{"rendered":"\n<p><strong>Weil&nbsp;jeder eine&nbsp;Stimme&nbsp;hat!<\/strong><\/p>\n\n\n\n<p><strong>Weil jeder eine Stimme hat und politische Beteiligung die Grundlage unserer Demokratie darstellt, hat die CGM Baden-W\u00fcrttemberg in Kooperation mit dem Franz-R\u00f6hr-Bildungswerk ein Jugendseminar zum Thema \u201eDemokratie (er)leben \u2013 Weil Jede(r) eine Stimme hat! &#8211; Widerstand und Nonkonformismus mal anders\u201c, vom 18.10 bis zum 20.10.2019 in Stuttgart abgehalten.<\/strong><\/p>\n\n\n\n<p>Das Wochenendprogramm war sehr vielseitig und beinhaltete neben Workshops zum Themenbereich NS-Zeit im Hotel Silber und einer S21-Baustellenbegehung auch viel Input zu den Themen B\u00fcrgerbeteiligung und M\u00f6glichkeiten politischer Einflussnahme.<\/p>\n\n\n\n<p>Viele beeindruckende und interessante Hintergrundinformationen zur Arbeit eines Politikers gab es dann auch im Gespr\u00e4ch mit dem Landtagsabgeordneten Andreas Kenner (SPD).<\/p>\n\n\n\n<p>Nat\u00fcrlich durfte auch ein abwechslungsreiches Abendprogramm nicht fehlen. Ganz nach dem Motto<\/p>\n\n\n\n<p>\u201efun &amp; more\u201c hatten die Teilnehmenden bei der \u201eStuttgartNacht\u201c die M\u00f6glichkeiten den<\/p>\n\n\n\n<p>Baden-W\u00fcrttembergischen Landtag und das Rathaus Stuttgart auch mal aus einer anderen Perspektive zu betrachten. Bei Musik und interessanten K\u00fcnstlern stand dem \u201eFeierabendprogramm\u201c und vielen Diskussionen also nichts mehr im Weg.<\/p>\n\n\n\n<p>Ziel des Seminars war es auch die Interessen und Ideen der Teilnehmenden im Bereich der Gewerkschaftsarbeit abzuklopfen. Wie sieht die Gewerkschaft der Zukunft f\u00fcr unsere jungen Kollegen_Innen aus und in welchen Bereichen besteht aus ihrer Sicht Handlungsbedarf? Ein bunter Austausch in der Hauptverwaltung der CGM stellte daher den Abschluss des Wochenendes dar und gab den Kolleginnen der CGM und des FRBW die M\u00f6glichkeit, viele neue Ideen mitzunehmen.<\/p>\n\n\n\n<p>Am Ende ist klar, wir freuen uns alle auf das n\u00e4chste gemeinsame Seminar. Die n\u00e4chste Veranstaltung befindet sich bereits in Planung.<\/p>\n\n\n\n<p>\u201eDie Jugendarbeit der CGM BW steht weit oben auf meiner Priorit\u00e4tenliste. Es ist notwendig in den direkten Austausch mit der Jugend zu gehen und gemeinsam konkrete Strategien f\u00fcr unsere Arbeit herauszubilden. Ein solcher Austausch zeigt auch sp\u00fcrbar welche Ideen verloren gehen k\u00f6nnten, wenn wir nicht niederschwellig in Kontakt treten.\u201c&nbsp;<em>(Andreas Bemerl, CGM Landesvorsitzender BW)<\/em><\/p>\n\n\n\n<p>Bei Interesse an der Jugendarbeit der CGM BW k\u00f6nnen Sie sich gerne an die Gesch\u00e4ftsstelle Friedrichshafen wenden.<\/p>\n\n\n\n<p>Zeitraum: 18.10.19, 8:00 Uhr bis 20.10.19, 18:00 Uhr.<\/p>\n","protected":false},"excerpt":{"rendered":"<p>Weil&nbsp;jeder eine&nbsp;Stimme&nbsp;hat! Weil jeder eine Stimme hat und politische Beteiligung die Grundlage unserer Demokratie darstellt, hat die CGM Baden-W\u00fcrttemberg in Kooperation mit dem Franz-R\u00f6hr-Bildungswerk ein Jugendseminar zum Thema \u201eDemokratie (er)leben \u2013 Weil Jede(r) eine Stimme hat! &#8211; Widerstand und Nonkonformismus mal anders\u201c, vom 18.10 bis zum 20.10.2019 in Stuttgart abgehalten. Das Wochenendprogramm war sehr vielseitig &hellip; <\/p>\n<p class=\"link-more\"><a href=\"https:\/\/cgm-bw.de\/?p=241\" class=\"more-link\">Mehr <span class=\"screen-reader-text\">\u00fcber &#8222;Jugendseminar in Stuttgart (inkl. Fun &amp; More)&#8220; <\/span>Lesen<\/a><\/p>\n","protected":false},"author":1,"featured_media":0,"comment_status":"open","ping_status":"open","sticky":false,"template":"","format":"standard","meta":{"footnotes":""},"categories":[13],"tags":[],"class_list":["post-241","post","type-post","status-publish","format-standard","hentry","category-jugend"],"_links":{"self":[{"href":"https:\/\/cgm-bw.de\/index.php?rest_route=\/wp\/v2\/posts\/241","targetHints":{"allow":["GET"]}}],"collection":[{"href":"https:\/\/cgm-bw.de\/index.php?rest_route=\/wp\/v2\/posts"}],"about":[{"href":"https:\/\/cgm-bw.de\/index.php?rest_route=\/wp\/v2\/types\/post"}],"author":[{"embeddable":true,"href":"https:\/\/cgm-bw.de\/index.php?rest_route=\/wp\/v2\/users\/1"}],"replies":[{"embeddable":true,"href":"https:\/\/cgm-bw.de\/index.php?rest_route=%2Fwp%2Fv2%2Fcomments&post=241"}],"version-history":[{"count":1,"href":"https:\/\/cgm-bw.de\/index.php?rest_route=\/wp\/v2\/posts\/241\/revisions"}],"predecessor-version":[{"id":242,"href":"https:\/\/cgm-bw.de\/index.php?rest_route=\/wp\/v2\/posts\/241\/revisions\/242"}],"wp:attachment":[{"href":"https:\/\/cgm-bw.de\/index.php?rest_route=%2Fwp%2Fv2%2Fmedia&parent=241"}],"wp:term":[{"taxonomy":"category","embeddable":true,"href":"https:\/\/cgm-bw.de\/index.php?rest_route=%2Fwp%2Fv2%2Fcategories&post=241"},{"taxonomy":"post_tag","embeddable":true,"href":"https:\/\/cgm-bw.de\/index.php?rest_route=%2Fwp%2Fv2%2Ftags&post=241"}],"curies":[{"name":"wp","href":"https:\/\/api.w.org\/{rel}","templated":true}]}}