{"id":243,"date":"2016-02-15T09:50:00","date_gmt":"2016-02-15T08:50:00","guid":{"rendered":"https:\/\/cgmbw.de\/?p=243"},"modified":"2022-12-12T10:04:04","modified_gmt":"2022-12-12T09:04:04","slug":"im-staendigen-kontakt","status":"publish","type":"post","link":"https:\/\/cgm-bw.de\/?p=243","title":{"rendered":"Im st\u00e4ndigen Kontakt"},"content":{"rendered":"\n<figure class=\"wp-block-image size-full\"><img loading=\"lazy\" decoding=\"async\" width=\"750\" height=\"563\" src=\"https:\/\/cgmbw.de\/wp-content\/uploads\/2022\/12\/image-27.png\" alt=\"\" class=\"wp-image-244\" srcset=\"https:\/\/cgm-bw.de\/wp-content\/uploads\/2022\/12\/image-27.png 750w, https:\/\/cgm-bw.de\/wp-content\/uploads\/2022\/12\/image-27-300x225.png 300w\" sizes=\"auto, (max-width: 750px) 100vw, 750px\" \/><\/figure>\n\n\n\n<p>Im st\u00e4ndigen Kontakt und dies nicht nur bei Neujahresempf\u00e4ngen oder zu Wahlen zeigt sich Paul Nemeth MdL, B\u00f6blingen-Sindelfingen. Mit mehreren seiner Landtagskollegen traf er mit Vertretern der CGM-Betriebsgruppe im Daimler-Werk in Sindelfingen zusammen und lie\u00df sich zur aktuellen Situation berichten. Stets gut informiert stellten diese G\u00e4ste dadurch auch gezielte Fragen zur Arbeitssituation und den Besch\u00e4ftigungsaussichten. Die in den Gespr\u00e4chsthemen angesprochene Situation der Infrastruktur und der mit dem Zukunftsbild 2020 geschaffenen Investitionsvorhaben verdeutlichten beiden Seiten einmal mehr die Bedeutung des Mercedes-Benz-Werkes weit \u00fcber die Region hinaus.<\/p>\n\n\n\n<p>Im Bild v.l.n.r.: Klaus Tappeser (B\u00fcrgermeister a.D. und Ministerialdirektor a.D.), Marinko Skara (stellv. Landesvorsitzender CGM), Paul Nemeth MdL, Evangelos Apostolidis (Betriebsgruppenvorstand), Ralf Holten (CGM-Betriebsbetreuer)<\/p>\n","protected":false},"excerpt":{"rendered":"<p>Im st\u00e4ndigen Kontakt und dies nicht nur bei Neujahresempf\u00e4ngen oder zu Wahlen zeigt sich Paul Nemeth MdL, B\u00f6blingen-Sindelfingen. Mit mehreren seiner Landtagskollegen traf er mit Vertretern der CGM-Betriebsgruppe im Daimler-Werk in Sindelfingen zusammen und lie\u00df sich zur aktuellen Situation berichten. Stets gut informiert stellten diese G\u00e4ste dadurch auch gezielte Fragen zur Arbeitssituation und den Besch\u00e4ftigungsaussichten. &hellip; <\/p>\n<p class=\"link-more\"><a href=\"https:\/\/cgm-bw.de\/?p=243\" class=\"more-link\">Mehr <span class=\"screen-reader-text\">\u00fcber &#8222;Im st\u00e4ndigen Kontakt&#8220; <\/span>Lesen<\/a><\/p>\n","protected":false},"author":1,"featured_media":0,"comment_status":"open","ping_status":"open","sticky":false,"template":"","format":"standard","meta":{"footnotes":""},"categories":[9],"tags":[],"class_list":["post-243","post","type-post","status-publish","format-standard","hentry","category-herrenberg-boeblingen"],"_links":{"self":[{"href":"https:\/\/cgm-bw.de\/index.php?rest_route=\/wp\/v2\/posts\/243","targetHints":{"allow":["GET"]}}],"collection":[{"href":"https:\/\/cgm-bw.de\/index.php?rest_route=\/wp\/v2\/posts"}],"about":[{"href":"https:\/\/cgm-bw.de\/index.php?rest_route=\/wp\/v2\/types\/post"}],"author":[{"embeddable":true,"href":"https:\/\/cgm-bw.de\/index.php?rest_route=\/wp\/v2\/users\/1"}],"replies":[{"embeddable":true,"href":"https:\/\/cgm-bw.de\/index.php?rest_route=%2Fwp%2Fv2%2Fcomments&post=243"}],"version-history":[{"count":1,"href":"https:\/\/cgm-bw.de\/index.php?rest_route=\/wp\/v2\/posts\/243\/revisions"}],"predecessor-version":[{"id":245,"href":"https:\/\/cgm-bw.de\/index.php?rest_route=\/wp\/v2\/posts\/243\/revisions\/245"}],"wp:attachment":[{"href":"https:\/\/cgm-bw.de\/index.php?rest_route=%2Fwp%2Fv2%2Fmedia&parent=243"}],"wp:term":[{"taxonomy":"category","embeddable":true,"href":"https:\/\/cgm-bw.de\/index.php?rest_route=%2Fwp%2Fv2%2Fcategories&post=243"},{"taxonomy":"post_tag","embeddable":true,"href":"https:\/\/cgm-bw.de\/index.php?rest_route=%2Fwp%2Fv2%2Ftags&post=243"}],"curies":[{"name":"wp","href":"https:\/\/api.w.org\/{rel}","templated":true}]}}