{"id":246,"date":"2019-01-11T10:04:00","date_gmt":"2019-01-11T09:04:00","guid":{"rendered":"https:\/\/cgmbw.de\/?p=246"},"modified":"2022-12-12T10:05:56","modified_gmt":"2022-12-12T09:05:56","slug":"der-neugewaehlte-bezirksvorstand-cgm-herrenberg-boeblingen","status":"publish","type":"post","link":"https:\/\/cgm-bw.de\/?p=246","title":{"rendered":"Der neugew\u00e4hlte Bezirksvorstand CGM-Herrenberg-B\u00f6blingen"},"content":{"rendered":"\n<figure class=\"wp-block-image size-full\"><img loading=\"lazy\" decoding=\"async\" width=\"750\" height=\"388\" src=\"https:\/\/cgmbw.de\/wp-content\/uploads\/2022\/12\/image-28.png\" alt=\"\" class=\"wp-image-247\" srcset=\"https:\/\/cgm-bw.de\/wp-content\/uploads\/2022\/12\/image-28.png 750w, https:\/\/cgm-bw.de\/wp-content\/uploads\/2022\/12\/image-28-300x155.png 300w\" sizes=\"auto, (max-width: 750px) 100vw, 750px\" \/><figcaption class=\"wp-element-caption\">von Links: Marinko Skara, Evangelos Apostolidis, Milan Vrban, Joachim Gsell, Dirk Junger als Vorsitzender, Ralph Nockert, Ralf Heinkele (Stellv. Vors.), Domenico Francavilla, Sascha Gsell (Stellv. Vors.), Martina Sch\u00f6ck (Schriftf\u00fchrerin), J\u00fcrgen Stahl (Kassierer), Gabriele Nadler, Wilhelm Leiter und Orhan Dogan<\/figcaption><\/figure>\n\n\n\n<p><\/p>\n","protected":false},"excerpt":{"rendered":"","protected":false},"author":1,"featured_media":0,"comment_status":"open","ping_status":"open","sticky":false,"template":"","format":"standard","meta":{"footnotes":""},"categories":[9],"tags":[],"class_list":["post-246","post","type-post","status-publish","format-standard","hentry","category-herrenberg-boeblingen"],"_links":{"self":[{"href":"https:\/\/cgm-bw.de\/index.php?rest_route=\/wp\/v2\/posts\/246","targetHints":{"allow":["GET"]}}],"collection":[{"href":"https:\/\/cgm-bw.de\/index.php?rest_route=\/wp\/v2\/posts"}],"about":[{"href":"https:\/\/cgm-bw.de\/index.php?rest_route=\/wp\/v2\/types\/post"}],"author":[{"embeddable":true,"href":"https:\/\/cgm-bw.de\/index.php?rest_route=\/wp\/v2\/users\/1"}],"replies":[{"embeddable":true,"href":"https:\/\/cgm-bw.de\/index.php?rest_route=%2Fwp%2Fv2%2Fcomments&post=246"}],"version-history":[{"count":1,"href":"https:\/\/cgm-bw.de\/index.php?rest_route=\/wp\/v2\/posts\/246\/revisions"}],"predecessor-version":[{"id":248,"href":"https:\/\/cgm-bw.de\/index.php?rest_route=\/wp\/v2\/posts\/246\/revisions\/248"}],"wp:attachment":[{"href":"https:\/\/cgm-bw.de\/index.php?rest_route=%2Fwp%2Fv2%2Fmedia&parent=246"}],"wp:term":[{"taxonomy":"category","embeddable":true,"href":"https:\/\/cgm-bw.de\/index.php?rest_route=%2Fwp%2Fv2%2Fcategories&post=246"},{"taxonomy":"post_tag","embeddable":true,"href":"https:\/\/cgm-bw.de\/index.php?rest_route=%2Fwp%2Fv2%2Ftags&post=246"}],"curies":[{"name":"wp","href":"https:\/\/api.w.org\/{rel}","templated":true}]}}