{"id":249,"date":"2019-07-20T19:06:00","date_gmt":"2019-07-20T17:06:00","guid":{"rendered":"https:\/\/cgmbw.de\/?p=249"},"modified":"2022-12-12T10:09:45","modified_gmt":"2022-12-12T09:09:45","slug":"patientenverfuegung-betreuungsverfuegung-und-vorsorgevollmacht","status":"publish","type":"post","link":"https:\/\/cgm-bw.de\/?p=249","title":{"rendered":"Patientenverf\u00fcgung, Betreuungsverf\u00fcgung und Vorsorgevollmacht"},"content":{"rendered":"\n<figure class=\"wp-block-image size-full\"><img loading=\"lazy\" decoding=\"async\" width=\"712\" height=\"714\" src=\"https:\/\/cgmbw.de\/wp-content\/uploads\/2022\/12\/image-29.png\" alt=\"\" class=\"wp-image-250\" srcset=\"https:\/\/cgm-bw.de\/wp-content\/uploads\/2022\/12\/image-29.png 712w, https:\/\/cgm-bw.de\/wp-content\/uploads\/2022\/12\/image-29-300x300.png 300w, https:\/\/cgm-bw.de\/wp-content\/uploads\/2022\/12\/image-29-150x150.png 150w\" sizes=\"auto, (max-width: 712px) 100vw, 712px\" \/><\/figure>\n\n\n\n<p><strong>Vortrag und Diskussion<\/strong><br>Am Samstag, den 20.07.2019 war es in Sindelfingen wieder soweit. Die CGM lud zu einem Vortrag \u00fcber Patientenverf\u00fcgung und Vorsorgevollmacht in die Gesch\u00e4ftsstelle nach Sindelfingen ein.<\/p>\n\n\n\n<p>Herr <strong>Manfred Koebler<\/strong> Vorsitzender des Kreisseniorenrates im Landkreis B\u00f6blingen, hielt den Vortrag vor \u00fcber 30 Interessenten.<br>Hierbei bekam man nicht nur einen ersten Eindruck, es wurden auch vielen Fragen rund um das brisante Thema beantwortet.<\/p>\n\n\n\n<p>Wir danken Herrn <strong>Manfred Koebler<\/strong> f\u00fcr diesen Interessanten Vortrag und <strong>Ralf Heinkele<\/strong>, stellvtr. Bezirksvorstand f\u00fcr die Organisation.<\/p>\n","protected":false},"excerpt":{"rendered":"<p>Vortrag und DiskussionAm Samstag, den 20.07.2019 war es in Sindelfingen wieder soweit. Die CGM lud zu einem Vortrag \u00fcber Patientenverf\u00fcgung und Vorsorgevollmacht in die Gesch\u00e4ftsstelle nach Sindelfingen ein. Herr Manfred Koebler Vorsitzender des Kreisseniorenrates im Landkreis B\u00f6blingen, hielt den Vortrag vor \u00fcber 30 Interessenten.Hierbei bekam man nicht nur einen ersten Eindruck, es wurden auch vielen &hellip; <\/p>\n<p class=\"link-more\"><a href=\"https:\/\/cgm-bw.de\/?p=249\" class=\"more-link\">Mehr <span class=\"screen-reader-text\">\u00fcber &#8222;Patientenverf\u00fcgung, Betreuungsverf\u00fcgung und Vorsorgevollmacht&#8220; <\/span>Lesen<\/a><\/p>\n","protected":false},"author":1,"featured_media":0,"comment_status":"open","ping_status":"open","sticky":false,"template":"","format":"standard","meta":{"footnotes":""},"categories":[9],"tags":[],"class_list":["post-249","post","type-post","status-publish","format-standard","hentry","category-herrenberg-boeblingen"],"_links":{"self":[{"href":"https:\/\/cgm-bw.de\/index.php?rest_route=\/wp\/v2\/posts\/249","targetHints":{"allow":["GET"]}}],"collection":[{"href":"https:\/\/cgm-bw.de\/index.php?rest_route=\/wp\/v2\/posts"}],"about":[{"href":"https:\/\/cgm-bw.de\/index.php?rest_route=\/wp\/v2\/types\/post"}],"author":[{"embeddable":true,"href":"https:\/\/cgm-bw.de\/index.php?rest_route=\/wp\/v2\/users\/1"}],"replies":[{"embeddable":true,"href":"https:\/\/cgm-bw.de\/index.php?rest_route=%2Fwp%2Fv2%2Fcomments&post=249"}],"version-history":[{"count":1,"href":"https:\/\/cgm-bw.de\/index.php?rest_route=\/wp\/v2\/posts\/249\/revisions"}],"predecessor-version":[{"id":251,"href":"https:\/\/cgm-bw.de\/index.php?rest_route=\/wp\/v2\/posts\/249\/revisions\/251"}],"wp:attachment":[{"href":"https:\/\/cgm-bw.de\/index.php?rest_route=%2Fwp%2Fv2%2Fmedia&parent=249"}],"wp:term":[{"taxonomy":"category","embeddable":true,"href":"https:\/\/cgm-bw.de\/index.php?rest_route=%2Fwp%2Fv2%2Fcategories&post=249"},{"taxonomy":"post_tag","embeddable":true,"href":"https:\/\/cgm-bw.de\/index.php?rest_route=%2Fwp%2Fv2%2Ftags&post=249"}],"curies":[{"name":"wp","href":"https:\/\/api.w.org\/{rel}","templated":true}]}}