{"id":255,"date":"2019-09-26T10:12:00","date_gmt":"2019-09-26T08:12:00","guid":{"rendered":"https:\/\/cgmbw.de\/?p=255"},"modified":"2022-12-12T10:20:39","modified_gmt":"2022-12-12T09:20:39","slug":"paul-nemeth-mdl-besucht-cgm-geschaefststelle-sindelfingen","status":"publish","type":"post","link":"https:\/\/cgm-bw.de\/?p=255","title":{"rendered":"Paul Nemeth (MdL) besucht CGM Gesch\u00e4fststelle Sindelfingen"},"content":{"rendered":"\n<figure class=\"wp-block-gallery has-nested-images columns-default is-cropped wp-block-gallery-1 is-layout-flex wp-block-gallery-is-layout-flex\">\n<figure class=\"wp-block-image size-large\"><img loading=\"lazy\" decoding=\"async\" width=\"663\" height=\"476\" data-id=\"256\" src=\"https:\/\/cgmbw.de\/wp-content\/uploads\/2022\/12\/image-31.png\" alt=\"\" class=\"wp-image-256\" srcset=\"https:\/\/cgm-bw.de\/wp-content\/uploads\/2022\/12\/image-31.png 663w, https:\/\/cgm-bw.de\/wp-content\/uploads\/2022\/12\/image-31-300x215.png 300w\" sizes=\"auto, (max-width: 663px) 100vw, 663px\" \/><figcaption class=\"wp-element-caption\">von Links: D.Francavilla, Paul Nemeth (MdL), Clara Specht, Dirk Junger<\/figcaption><\/figure>\n<\/figure>\n\n\n\n<blockquote class=\"wp-block-quote has-text-align-center is-layout-flow wp-block-quote-is-layout-flow\">\n<p class=\"has-text-align-center\">Pers\u00f6nlich, menschlich, nah.<\/p>\n<cite>Paul Nemeth (MdL) \u00fcber die CGM.<\/cite><\/blockquote>\n\n\n\n<p><strong>&#8222;Pers\u00f6nlich, menschlich, nah\u201c<\/strong> \u2013 so lauten die drei S\u00e4ulen der CGM. &#8222;Ich pflege mit der CGM in der Region Herrenberg &#8211; B\u00f6blingen seit vielen Jahren einen guten, intensiven und konstruktiven Austausch. K\u00fcrzlich habe ich mich mit der neuen CGM-Gesch\u00e4ftsf\u00fchrerin Clara Specht sowie den Mercedes-Benz Betriebsr\u00e4ten Dirk Junger und Domenico Francavilla getroffen.<\/p>\n","protected":false},"excerpt":{"rendered":"<p>Pers\u00f6nlich, menschlich, nah. Paul Nemeth (MdL) \u00fcber die CGM. &#8222;Pers\u00f6nlich, menschlich, nah\u201c \u2013 so lauten die drei S\u00e4ulen der CGM. &#8222;Ich pflege mit der CGM in der Region Herrenberg &#8211; B\u00f6blingen seit vielen Jahren einen guten, intensiven und konstruktiven Austausch. K\u00fcrzlich habe ich mich mit der neuen CGM-Gesch\u00e4ftsf\u00fchrerin Clara Specht sowie den Mercedes-Benz Betriebsr\u00e4ten Dirk &hellip; <\/p>\n<p class=\"link-more\"><a href=\"https:\/\/cgm-bw.de\/?p=255\" class=\"more-link\">Mehr <span class=\"screen-reader-text\">\u00fcber &#8222;Paul Nemeth (MdL) besucht CGM Gesch\u00e4fststelle Sindelfingen&#8220; <\/span>Lesen<\/a><\/p>\n","protected":false},"author":1,"featured_media":0,"comment_status":"open","ping_status":"open","sticky":false,"template":"","format":"standard","meta":{"footnotes":""},"categories":[9],"tags":[],"class_list":["post-255","post","type-post","status-publish","format-standard","hentry","category-herrenberg-boeblingen"],"_links":{"self":[{"href":"https:\/\/cgm-bw.de\/index.php?rest_route=\/wp\/v2\/posts\/255","targetHints":{"allow":["GET"]}}],"collection":[{"href":"https:\/\/cgm-bw.de\/index.php?rest_route=\/wp\/v2\/posts"}],"about":[{"href":"https:\/\/cgm-bw.de\/index.php?rest_route=\/wp\/v2\/types\/post"}],"author":[{"embeddable":true,"href":"https:\/\/cgm-bw.de\/index.php?rest_route=\/wp\/v2\/users\/1"}],"replies":[{"embeddable":true,"href":"https:\/\/cgm-bw.de\/index.php?rest_route=%2Fwp%2Fv2%2Fcomments&post=255"}],"version-history":[{"count":1,"href":"https:\/\/cgm-bw.de\/index.php?rest_route=\/wp\/v2\/posts\/255\/revisions"}],"predecessor-version":[{"id":257,"href":"https:\/\/cgm-bw.de\/index.php?rest_route=\/wp\/v2\/posts\/255\/revisions\/257"}],"wp:attachment":[{"href":"https:\/\/cgm-bw.de\/index.php?rest_route=%2Fwp%2Fv2%2Fmedia&parent=255"}],"wp:term":[{"taxonomy":"category","embeddable":true,"href":"https:\/\/cgm-bw.de\/index.php?rest_route=%2Fwp%2Fv2%2Fcategories&post=255"},{"taxonomy":"post_tag","embeddable":true,"href":"https:\/\/cgm-bw.de\/index.php?rest_route=%2Fwp%2Fv2%2Ftags&post=255"}],"curies":[{"name":"wp","href":"https:\/\/api.w.org\/{rel}","templated":true}]}}