{"id":287,"date":"2022-10-15T21:59:00","date_gmt":"2022-10-15T19:59:00","guid":{"rendered":"https:\/\/cgmbw.de\/?p=287"},"modified":"2022-12-22T19:14:24","modified_gmt":"2022-12-22T18:14:24","slug":"18-bezirksgewerkschaftstag-herrenberg-boeblingen-karlsruhe-mittelbaden","status":"publish","type":"post","link":"https:\/\/cgm-bw.de\/?p=287","title":{"rendered":"18. Bezirksgewerkschaftstag Herrenberg-B\u00f6blingen, Karlsruhe-Mittelbaden"},"content":{"rendered":"\n<figure class=\"wp-block-image size-large\"><img loading=\"lazy\" decoding=\"async\" width=\"1024\" height=\"760\" src=\"https:\/\/cgm-bw.de\/wp-content\/uploads\/2022\/12\/image-37-1024x760.png\" alt=\"\" class=\"wp-image-288\" srcset=\"https:\/\/cgm-bw.de\/wp-content\/uploads\/2022\/12\/image-37-1024x760.png 1024w, https:\/\/cgm-bw.de\/wp-content\/uploads\/2022\/12\/image-37-300x223.png 300w, https:\/\/cgm-bw.de\/wp-content\/uploads\/2022\/12\/image-37-768x570.png 768w, https:\/\/cgm-bw.de\/wp-content\/uploads\/2022\/12\/image-37.png 1477w\" sizes=\"auto, (max-width: 1024px) 100vw, 1024px\" \/><figcaption class=\"wp-element-caption\">von links: Wilhelm Leiter, J\u00f6rg Kiefer, Abdullah Akillilar, Martina Sch\u00f6ck, Ralf Holten, Dirk Junger, Ralf Heinkele, Regine K\u00fchnle, J\u00fcrgen Stahl, Oliver Brandl, Tobias J\u00e4ckle.<\/figcaption><\/figure>\n\n\n\n<p><em>Nicht im Bild: Ingo Scheffler, Ralph Nockert, Georg Franczak.<\/em><\/p>\n\n\n\n<p><strong>18. Bezirksgewerkschaftstag der Bezirke Herrenberg, Herrenberg-B\u00f6blingen, Karlsruhe-Mittelbaden vom 15.10.2022 in Sindelfingen-Maichingen<\/strong><\/p>\n\n\n\n<p>Die Mitglieder der Bezirke Herrenberg, Herrenberg-B\u00f6blingen,<\/p>\n\n\n\n<p>Karlsruhe-Mittelbaden versammelten sich am 15.10.2022 zur Neuwahl des Bezirksvorstandes im Gemeindehaus in Sindelfingen-Maichingen.<\/p>\n\n\n\n<p><strong>Der neue Bezirksvorstand sieht wie folgt aus:<\/strong><\/p>\n\n\n\n<p><strong>1.Vorsitzender: <\/strong>Dirk Junger<\/p>\n\n\n\n<p><strong>2 gleichberechtigte Stellvertreter:<\/strong> Abdullah Akillilar und Ralf Heinkele<\/p>\n\n\n\n<p><strong>Bezirkskassier:<\/strong> J\u00fcrgen Stahl<\/p>\n\n\n\n<p><strong>2 Kassenpr\u00fcfer:<\/strong> Klaus Maier und Wolfgang Hauth<\/p>\n\n\n\n<p><strong>Schriftf\u00fchrer(in):<\/strong> Martina Sch\u00f6ck<\/p>\n\n\n\n<p><strong>Wahl der 10 Beisitzer: <\/strong><strong>&nbsp;&nbsp;&nbsp;&nbsp;&nbsp;&nbsp;&nbsp;&nbsp; &nbsp; <\/strong>Ralf Holten<\/p>\n\n\n\n<p>&nbsp;&nbsp;&nbsp;&nbsp;&nbsp;&nbsp;&nbsp;&nbsp;&nbsp;&nbsp;&nbsp;&nbsp;&nbsp;&nbsp;&nbsp;&nbsp;&nbsp;&nbsp;&nbsp;&nbsp;&nbsp;&nbsp;&nbsp;&nbsp;&nbsp;&nbsp;&nbsp;&nbsp;&nbsp;&nbsp;&nbsp;&nbsp;&nbsp;&nbsp;&nbsp;&nbsp;&nbsp; &nbsp;&nbsp;&nbsp;&nbsp;&nbsp;&nbsp;&nbsp;&nbsp;&nbsp;&nbsp;&nbsp; &nbsp;Vedat Eren<\/p>\n\n\n\n<p>&nbsp;&nbsp;&nbsp;&nbsp;&nbsp;&nbsp;&nbsp;&nbsp;&nbsp;&nbsp;&nbsp;&nbsp;&nbsp;&nbsp;&nbsp;&nbsp;&nbsp;&nbsp;&nbsp;&nbsp;&nbsp;&nbsp;&nbsp;&nbsp;&nbsp;&nbsp;&nbsp;&nbsp;&nbsp;&nbsp;&nbsp;&nbsp;&nbsp;&nbsp;&nbsp; &nbsp;&nbsp;&nbsp;&nbsp;&nbsp;&nbsp;&nbsp;&nbsp;&nbsp;&nbsp;&nbsp;&nbsp;&nbsp;&nbsp;&nbsp;Ralph Nockert<\/p>\n\n\n\n<p>&nbsp;&nbsp;&nbsp;&nbsp;&nbsp;&nbsp;&nbsp;&nbsp;&nbsp;&nbsp;&nbsp;&nbsp;&nbsp;&nbsp;&nbsp;&nbsp;&nbsp;&nbsp;&nbsp;&nbsp;&nbsp;&nbsp;&nbsp;&nbsp;&nbsp;&nbsp;&nbsp;&nbsp;&nbsp;&nbsp;&nbsp;&nbsp;&nbsp;&nbsp;&nbsp; &nbsp;&nbsp;&nbsp;&nbsp;&nbsp;&nbsp;&nbsp;&nbsp;&nbsp;&nbsp;&nbsp;&nbsp;&nbsp;&nbsp;Wilhelm Leiter<\/p>\n\n\n\n<p>&nbsp;&nbsp;&nbsp;&nbsp;&nbsp;&nbsp;&nbsp;&nbsp;&nbsp;&nbsp;&nbsp;&nbsp;&nbsp;&nbsp;&nbsp;&nbsp;&nbsp;&nbsp;&nbsp;&nbsp;&nbsp;&nbsp;&nbsp;&nbsp;&nbsp;&nbsp;&nbsp;&nbsp;&nbsp;&nbsp;&nbsp;&nbsp;&nbsp;&nbsp;&nbsp;&nbsp;&nbsp;&nbsp;&nbsp;&nbsp;&nbsp;&nbsp;&nbsp;&nbsp;&nbsp;&nbsp;&nbsp;&nbsp; &nbsp;J\u00f6rg Kiefer<\/p>\n\n\n\n<p>&nbsp;&nbsp;&nbsp;&nbsp;&nbsp;&nbsp;&nbsp;&nbsp;&nbsp;&nbsp;&nbsp;&nbsp;&nbsp;&nbsp;&nbsp;&nbsp;&nbsp;&nbsp;&nbsp;&nbsp;&nbsp;&nbsp;&nbsp;&nbsp;&nbsp;&nbsp;&nbsp;&nbsp;&nbsp;&nbsp;&nbsp;&nbsp;&nbsp;&nbsp;&nbsp; &nbsp;&nbsp;&nbsp;&nbsp;&nbsp;&nbsp;&nbsp;&nbsp;&nbsp;&nbsp;&nbsp;&nbsp;&nbsp;&nbsp;Regine K\u00fchnle<\/p>\n\n\n\n<p>&nbsp;&nbsp;&nbsp;&nbsp;&nbsp;&nbsp;&nbsp;&nbsp;&nbsp;&nbsp;&nbsp;&nbsp;&nbsp;&nbsp;&nbsp;&nbsp;&nbsp;&nbsp;&nbsp;&nbsp;&nbsp;&nbsp;&nbsp;&nbsp;&nbsp;&nbsp;&nbsp;&nbsp;&nbsp;&nbsp;&nbsp;&nbsp;&nbsp;&nbsp;&nbsp;&nbsp;&nbsp;&nbsp;&nbsp;&nbsp;&nbsp;&nbsp;&nbsp;&nbsp;&nbsp;&nbsp;&nbsp;&nbsp; &nbsp;Oliver Brandl<\/p>\n\n\n\n<p>&nbsp;&nbsp;&nbsp;&nbsp;&nbsp;&nbsp;&nbsp;&nbsp;&nbsp;&nbsp;&nbsp;&nbsp;&nbsp;&nbsp;&nbsp;&nbsp;&nbsp;&nbsp;&nbsp;&nbsp;&nbsp;&nbsp;&nbsp;&nbsp;&nbsp;&nbsp;&nbsp;&nbsp;&nbsp;&nbsp;&nbsp;&nbsp;&nbsp;&nbsp;&nbsp;&nbsp;&nbsp;&nbsp;&nbsp;&nbsp;&nbsp;&nbsp;&nbsp;&nbsp;&nbsp;&nbsp;&nbsp;&nbsp; &nbsp;Tobias J\u00e4ckle<\/p>\n\n\n\n<p>&nbsp;&nbsp;&nbsp;&nbsp;&nbsp;&nbsp;&nbsp;&nbsp;&nbsp;&nbsp;&nbsp;&nbsp;&nbsp;&nbsp;&nbsp;&nbsp;&nbsp;&nbsp;&nbsp;&nbsp;&nbsp;&nbsp;&nbsp;&nbsp;&nbsp;&nbsp;&nbsp;&nbsp;&nbsp;&nbsp;&nbsp;&nbsp;&nbsp;&nbsp;&nbsp;&nbsp;&nbsp;&nbsp;&nbsp;&nbsp;&nbsp;&nbsp;&nbsp;&nbsp;&nbsp;&nbsp;&nbsp; &nbsp; Ingo Scheffler<\/p>\n\n\n\n<p>&nbsp;&nbsp;&nbsp;&nbsp;&nbsp;&nbsp;&nbsp;&nbsp;&nbsp;&nbsp;&nbsp;&nbsp;&nbsp;&nbsp;&nbsp;&nbsp;&nbsp;&nbsp;&nbsp;&nbsp;&nbsp;&nbsp;&nbsp;&nbsp;&nbsp;&nbsp;&nbsp;&nbsp;&nbsp;&nbsp;&nbsp;&nbsp;&nbsp;&nbsp;&nbsp;&nbsp;&nbsp;&nbsp;&nbsp;&nbsp;&nbsp;&nbsp;&nbsp;&nbsp;&nbsp;&nbsp;&nbsp;&nbsp; &nbsp;Georg Franczak<\/p>\n\n\n\n<p><strong>Wir w\u00fcnschen dem Vorstand einen guten Start und viel Erfolg!<\/strong><\/p>\n","protected":false},"excerpt":{"rendered":"<p>Nicht im Bild: Ingo Scheffler, Ralph Nockert, Georg Franczak. 18. Bezirksgewerkschaftstag der Bezirke Herrenberg, Herrenberg-B\u00f6blingen, Karlsruhe-Mittelbaden vom 15.10.2022 in Sindelfingen-Maichingen Die Mitglieder der Bezirke Herrenberg, Herrenberg-B\u00f6blingen, Karlsruhe-Mittelbaden versammelten sich am 15.10.2022 zur Neuwahl des Bezirksvorstandes im Gemeindehaus in Sindelfingen-Maichingen. Der neue Bezirksvorstand sieht wie folgt aus: 1.Vorsitzender: Dirk Junger 2 gleichberechtigte Stellvertreter: Abdullah Akillilar und &hellip; <\/p>\n<p class=\"link-more\"><a href=\"https:\/\/cgm-bw.de\/?p=287\" class=\"more-link\">Mehr <span class=\"screen-reader-text\">\u00fcber &#8222;18. Bezirksgewerkschaftstag Herrenberg-B\u00f6blingen, Karlsruhe-Mittelbaden&#8220; <\/span>Lesen<\/a><\/p>\n","protected":false},"author":1,"featured_media":0,"comment_status":"open","ping_status":"open","sticky":false,"template":"","format":"standard","meta":{"footnotes":""},"categories":[9],"tags":[],"class_list":["post-287","post","type-post","status-publish","format-standard","hentry","category-herrenberg-boeblingen"],"_links":{"self":[{"href":"https:\/\/cgm-bw.de\/index.php?rest_route=\/wp\/v2\/posts\/287","targetHints":{"allow":["GET"]}}],"collection":[{"href":"https:\/\/cgm-bw.de\/index.php?rest_route=\/wp\/v2\/posts"}],"about":[{"href":"https:\/\/cgm-bw.de\/index.php?rest_route=\/wp\/v2\/types\/post"}],"author":[{"embeddable":true,"href":"https:\/\/cgm-bw.de\/index.php?rest_route=\/wp\/v2\/users\/1"}],"replies":[{"embeddable":true,"href":"https:\/\/cgm-bw.de\/index.php?rest_route=%2Fwp%2Fv2%2Fcomments&post=287"}],"version-history":[{"count":3,"href":"https:\/\/cgm-bw.de\/index.php?rest_route=\/wp\/v2\/posts\/287\/revisions"}],"predecessor-version":[{"id":367,"href":"https:\/\/cgm-bw.de\/index.php?rest_route=\/wp\/v2\/posts\/287\/revisions\/367"}],"wp:attachment":[{"href":"https:\/\/cgm-bw.de\/index.php?rest_route=%2Fwp%2Fv2%2Fmedia&parent=287"}],"wp:term":[{"taxonomy":"category","embeddable":true,"href":"https:\/\/cgm-bw.de\/index.php?rest_route=%2Fwp%2Fv2%2Fcategories&post=287"},{"taxonomy":"post_tag","embeddable":true,"href":"https:\/\/cgm-bw.de\/index.php?rest_route=%2Fwp%2Fv2%2Ftags&post=287"}],"curies":[{"name":"wp","href":"https:\/\/api.w.org\/{rel}","templated":true}]}}