{"id":297,"date":"2022-11-08T21:24:00","date_gmt":"2022-11-08T20:24:00","guid":{"rendered":"https:\/\/cgmbw.de\/?p=297"},"modified":"2022-12-22T19:09:06","modified_gmt":"2022-12-22T18:09:06","slug":"08-11-22-erste-warnstreiks-bei-mercedes-benz-in-sindelfingen-wir-waren-dabei","status":"publish","type":"post","link":"https:\/\/cgm-bw.de\/?p=297","title":{"rendered":"08.11.22 Erste Warnstreiks bei Mercedes-Benz in Sindelfingen \u2013 wir waren dabei !"},"content":{"rendered":"\n<div class=\"wp-block-columns is-layout-flex wp-container-core-columns-is-layout-28f84493 wp-block-columns-is-layout-flex\">\n<div class=\"wp-block-column is-layout-flow wp-block-column-is-layout-flow\" style=\"flex-basis:100%\">\n<figure class=\"wp-block-gallery has-nested-images columns-2 is-cropped wp-block-gallery-1 is-layout-flex wp-block-gallery-is-layout-flex\">\n<figure class=\"wp-block-image size-large\"><a href=\"https:\/\/cgm-bw.de\/wp-content\/uploads\/2022\/12\/Streik1-1.jpeg\"><img loading=\"lazy\" decoding=\"async\" width=\"1024\" height=\"576\" data-id=\"302\" src=\"https:\/\/cgm-bw.de\/wp-content\/uploads\/2022\/12\/Streik1-1-1024x576.jpeg\" alt=\"\" class=\"wp-image-302\" srcset=\"https:\/\/cgm-bw.de\/wp-content\/uploads\/2022\/12\/Streik1-1-1024x576.jpeg 1024w, https:\/\/cgm-bw.de\/wp-content\/uploads\/2022\/12\/Streik1-1-300x169.jpeg 300w, https:\/\/cgm-bw.de\/wp-content\/uploads\/2022\/12\/Streik1-1-768x432.jpeg 768w, https:\/\/cgm-bw.de\/wp-content\/uploads\/2022\/12\/Streik1-1.jpeg 1500w\" sizes=\"auto, (max-width: 1024px) 100vw, 1024px\" \/><\/a><\/figure>\n\n\n\n<figure class=\"wp-block-image size-large\"><a href=\"https:\/\/cgm-bw.de\/wp-content\/uploads\/2022\/12\/Streik2.jpeg\"><img loading=\"lazy\" decoding=\"async\" width=\"1024\" height=\"576\" data-id=\"299\" src=\"https:\/\/cgm-bw.de\/wp-content\/uploads\/2022\/12\/Streik2-1024x576.jpeg\" alt=\"\" class=\"wp-image-299\" srcset=\"https:\/\/cgm-bw.de\/wp-content\/uploads\/2022\/12\/Streik2-1024x576.jpeg 1024w, https:\/\/cgm-bw.de\/wp-content\/uploads\/2022\/12\/Streik2-300x169.jpeg 300w, https:\/\/cgm-bw.de\/wp-content\/uploads\/2022\/12\/Streik2-768x432.jpeg 768w, https:\/\/cgm-bw.de\/wp-content\/uploads\/2022\/12\/Streik2.jpeg 1500w\" sizes=\"auto, (max-width: 1024px) 100vw, 1024px\" \/><\/a><\/figure>\n\n\n\n<figure class=\"wp-block-image size-large\"><a href=\"https:\/\/cgm-bw.de\/wp-content\/uploads\/2022\/12\/Streik3.jpeg\"><img loading=\"lazy\" decoding=\"async\" width=\"1024\" height=\"576\" data-id=\"300\" src=\"https:\/\/cgm-bw.de\/wp-content\/uploads\/2022\/12\/Streik3-1024x576.jpeg\" alt=\"\" class=\"wp-image-300\" srcset=\"https:\/\/cgm-bw.de\/wp-content\/uploads\/2022\/12\/Streik3-1024x576.jpeg 1024w, https:\/\/cgm-bw.de\/wp-content\/uploads\/2022\/12\/Streik3-300x169.jpeg 300w, https:\/\/cgm-bw.de\/wp-content\/uploads\/2022\/12\/Streik3-768x432.jpeg 768w, https:\/\/cgm-bw.de\/wp-content\/uploads\/2022\/12\/Streik3.jpeg 1500w\" sizes=\"auto, (max-width: 1024px) 100vw, 1024px\" \/><\/a><\/figure>\n\n\n\n<figure class=\"wp-block-image size-large\"><a href=\"https:\/\/cgm-bw.de\/wp-content\/uploads\/2022\/12\/Streik5.jpeg\"><img loading=\"lazy\" decoding=\"async\" width=\"1024\" height=\"576\" data-id=\"301\" src=\"https:\/\/cgm-bw.de\/wp-content\/uploads\/2022\/12\/Streik5-1024x576.jpeg\" alt=\"\" class=\"wp-image-301\" srcset=\"https:\/\/cgm-bw.de\/wp-content\/uploads\/2022\/12\/Streik5-1024x576.jpeg 1024w, https:\/\/cgm-bw.de\/wp-content\/uploads\/2022\/12\/Streik5-300x169.jpeg 300w, https:\/\/cgm-bw.de\/wp-content\/uploads\/2022\/12\/Streik5-768x432.jpeg 768w, https:\/\/cgm-bw.de\/wp-content\/uploads\/2022\/12\/Streik5.jpeg 1500w\" sizes=\"auto, (max-width: 1024px) 100vw, 1024px\" \/><\/a><\/figure>\n<figcaption class=\"blocks-gallery-caption wp-element-caption\">Warnstreik vom 8.11.2022 bei Mercedes-Benz in Sindelfingen<\/figcaption><\/figure>\n<\/div>\n<\/div>\n\n\n\n<p>Die Verhandlungen in der Tarifrunde 2022 in der Metall- und Elektroindustrie sind nach wie vor festgefahren, die Arbeitgeber sind nicht bereit zu ausreichenden Zugest\u00e4ndnissen.<\/p>\n\n\n\n<p>Am 08.11.2022 fanden erste Warnstreiks im Werk Sindelfingen statt:<\/p>\n\n\n\n<div class=\"wp-block-columns is-layout-flex wp-container-core-columns-is-layout-28f84493 wp-block-columns-is-layout-flex\">\n<div class=\"wp-block-column is-layout-flow wp-block-column-is-layout-flow\" style=\"flex-basis:66.66%\">\n<figure class=\"wp-block-image size-full\"><img loading=\"lazy\" decoding=\"async\" width=\"750\" height=\"937\" src=\"https:\/\/cgm-bw.de\/wp-content\/uploads\/2022\/12\/20221108_Kreiszeitung_Streik_Boeblinger-Bote_Mercedes-Benz_8.11.22_19.000Beschaeftigte_2.jpg\" alt=\"\" class=\"wp-image-307\" srcset=\"https:\/\/cgm-bw.de\/wp-content\/uploads\/2022\/12\/20221108_Kreiszeitung_Streik_Boeblinger-Bote_Mercedes-Benz_8.11.22_19.000Beschaeftigte_2.jpg 750w, https:\/\/cgm-bw.de\/wp-content\/uploads\/2022\/12\/20221108_Kreiszeitung_Streik_Boeblinger-Bote_Mercedes-Benz_8.11.22_19.000Beschaeftigte_2-240x300.jpg 240w\" sizes=\"auto, (max-width: 750px) 100vw, 750px\" \/><\/figure>\n<\/div>\n\n\n\n<div class=\"wp-block-column is-layout-flow wp-block-column-is-layout-flow\" style=\"flex-basis:33.33%\">\n<p><a href=\"https:\/\/www.krzbb.de\/inhalt.mercedes-in-sindelfingen-19-000-metaller-im-warnstreik.1bcee150-966c-4c46-a93c-ea768b5f173e.html\">Artikel in der B\u00f6blinger Kreiszeitung<\/a><\/p>\n<\/div>\n<\/div>\n\n\n\n<p>Zur Unterst\u00fctzung der Positionen in den Verhandlungen wehren sich die Arbeitnehmer mit Warnstreiks.<\/p>\n\n\n\n<p>Die CGM unterst\u00fctzt den Streik als Kampfmittel zur Erreichung der gestellten Ziele. Alle CGM-Mitglieder sind aufgerufen, sich an den Warnstreiks in ihren Betrieben zu beteiligen.<\/p>\n\n\n\n<p>Dies war mit Sicherheit nicht der letzte Warnstreik \u2013 bitte unterst\u00fctzt Eure Betriebsr\u00e4te mit Eurer Teilnahme bei den n\u00e4chsten!<\/p>\n\n\n\n<p>Weitere Informationen erh\u00e4lst Du vor Ort bei Deinen CGM-Betriebsr\u00e4ten.<\/p>\n","protected":false},"excerpt":{"rendered":"<p>Die Verhandlungen in der Tarifrunde 2022 in der Metall- und Elektroindustrie sind nach wie vor festgefahren, die Arbeitgeber sind nicht bereit zu ausreichenden Zugest\u00e4ndnissen. Am 08.11.2022 fanden erste Warnstreiks im Werk Sindelfingen statt: Artikel in der B\u00f6blinger Kreiszeitung Zur Unterst\u00fctzung der Positionen in den Verhandlungen wehren sich die Arbeitnehmer mit Warnstreiks. Die CGM unterst\u00fctzt den &hellip; <\/p>\n<p class=\"link-more\"><a href=\"https:\/\/cgm-bw.de\/?p=297\" class=\"more-link\">Mehr <span class=\"screen-reader-text\">\u00fcber &#8222;08.11.22 Erste Warnstreiks bei Mercedes-Benz in Sindelfingen \u2013 wir waren dabei !&#8220; <\/span>Lesen<\/a><\/p>\n","protected":false},"author":1,"featured_media":0,"comment_status":"open","ping_status":"open","sticky":false,"template":"","format":"standard","meta":{"footnotes":""},"categories":[9],"tags":[],"class_list":["post-297","post","type-post","status-publish","format-standard","hentry","category-herrenberg-boeblingen"],"_links":{"self":[{"href":"https:\/\/cgm-bw.de\/index.php?rest_route=\/wp\/v2\/posts\/297","targetHints":{"allow":["GET"]}}],"collection":[{"href":"https:\/\/cgm-bw.de\/index.php?rest_route=\/wp\/v2\/posts"}],"about":[{"href":"https:\/\/cgm-bw.de\/index.php?rest_route=\/wp\/v2\/types\/post"}],"author":[{"embeddable":true,"href":"https:\/\/cgm-bw.de\/index.php?rest_route=\/wp\/v2\/users\/1"}],"replies":[{"embeddable":true,"href":"https:\/\/cgm-bw.de\/index.php?rest_route=%2Fwp%2Fv2%2Fcomments&post=297"}],"version-history":[{"count":5,"href":"https:\/\/cgm-bw.de\/index.php?rest_route=\/wp\/v2\/posts\/297\/revisions"}],"predecessor-version":[{"id":363,"href":"https:\/\/cgm-bw.de\/index.php?rest_route=\/wp\/v2\/posts\/297\/revisions\/363"}],"wp:attachment":[{"href":"https:\/\/cgm-bw.de\/index.php?rest_route=%2Fwp%2Fv2%2Fmedia&parent=297"}],"wp:term":[{"taxonomy":"category","embeddable":true,"href":"https:\/\/cgm-bw.de\/index.php?rest_route=%2Fwp%2Fv2%2Fcategories&post=297"},{"taxonomy":"post_tag","embeddable":true,"href":"https:\/\/cgm-bw.de\/index.php?rest_route=%2Fwp%2Fv2%2Ftags&post=297"}],"curies":[{"name":"wp","href":"https:\/\/api.w.org\/{rel}","templated":true}]}}