{"id":46,"date":"2019-05-02T15:43:00","date_gmt":"2019-05-02T13:43:00","guid":{"rendered":"https:\/\/cgmbw.de\/?p=46"},"modified":"2022-12-05T17:03:26","modified_gmt":"2022-12-05T16:03:26","slug":"delegierte-waehlen-neue-fuehrung-in-baden-wuerttemberg","status":"publish","type":"post","link":"https:\/\/cgm-bw.de\/?p=46","title":{"rendered":"Delegierte w\u00e4hlen neue F\u00fchrung in Baden-W\u00fcrttemberg"},"content":{"rendered":"\n<p><strong>Der Friedrichshafener Andreas Bemerl ist neuer Landesvorsitzende der CGM in Baden -W\u00fcrttemberg. Bemerl wurde beim 13. Ordentlichen Landesgewerkschaftstag in Friedrichshafen von einer gro\u00dfen Mehrheit der Delegierten zum neuen Vorsitzenden gew\u00e4hlt. Zu Stellvertretern wurden Martin Rott aus Schw\u00e4bisch Gm\u00fcnd und Marinko Skara aus B\u00f6blingen gew\u00e4hlt.<\/strong><\/p>\n\n\n\n<figure class=\"wp-block-image size-full\"><img loading=\"lazy\" decoding=\"async\" width=\"1000\" height=\"667\" src=\"https:\/\/cgmbw.de\/wp-content\/uploads\/2022\/12\/IMG_12_04_2019_001-6.jpg\" alt=\"\" class=\"wp-image-47\" srcset=\"https:\/\/cgm-bw.de\/wp-content\/uploads\/2022\/12\/IMG_12_04_2019_001-6.jpg 1000w, https:\/\/cgm-bw.de\/wp-content\/uploads\/2022\/12\/IMG_12_04_2019_001-6-300x200.jpg 300w, https:\/\/cgm-bw.de\/wp-content\/uploads\/2022\/12\/IMG_12_04_2019_001-6-768x512.jpg 768w\" sizes=\"auto, (max-width: 1000px) 100vw, 1000px\" \/><\/figure>\n\n\n\n<p>Das Thema des 13. Landesgewerkschaftstag \u201eGewerkschaft schafft Zukunft\u201c war Programm. Neben Infost\u00e4nden der Deutschen Rentenversicherung und BKK ZF &amp; Partner, konnten sich die G\u00e4ste auch zum Thema 3D Druck informieren lassen und einem Drucker dabei zusehen, wie er \u201efrische\u201c Give-Aways produzierte, welche zur F\u00f6rderung der Jugendarbeit direkt am LGT verlost wurden.<\/p>\n\n\n\n<p>Dass die CGM einen linken Aktivisten und Sozialwissenschaftler als Hauptredner einlud sollte ebenfalls die Aufbruchsstimmung deutlich machen. Die CGM steht f\u00fcr Demokratie und Pluralit\u00e4t und dazu geh\u00f6rt auch der Diskurs nach Innen und Au\u00dfen.&nbsp;<\/p>\n\n\n\n<p>Die CGM steht aber auch f\u00fcr Minderheitenschutz und stellt sich entschiedenen gegen Diskriminierung und Extremismus, \u201eegal von welcher Seite dieser kommen mag\u201c, so Andreas Bemerl in seiner Rede. Er ist stolz auf seine CGM-Kollegen, die sich t\u00e4glich f\u00fcr die Interessen der Mitarbeiter in den Betrieben einsetzen und dabei auch immer den Einzelnen im Blick haben.<\/p>\n\n\n\n<p>Themen des neuen Landesvorstandes sind unter anderem aktive Jugendarbeit, Minderheitenschutz, aber auch die Tarifpolitische Entwicklung in Bezug auf Digitalisierung und Industrie 4.0.<\/p>\n\n\n\n<p>\u201eIn Bezug auf mobiles Arbeiten herrscht in vielen Betrieben ein geringer Organisationsgrad, der von vielen Mitarbeitern zun\u00e4chst als positiv empfunden wird. Wenn aber ohne geregelte Arbeitszeiten Projekte f\u00e4llig werden, wird Freiheit zu Zwang. Das stellt uns Tarifpolitisch vor neue Herausforderung, auch der Gesetzgeber ist hier gefragt!\u201c (Andreas Bemerl)<\/p>\n\n\n\n<p>Auch der Bundesvorsitzende Adalbert Ewen fordert eine Anpassung der Tarifpolitik an aktuelle Herausforderungen. \u201eF\u00fcr besondere Berufsgruppen ben\u00f6tigen wir spezielle Tarifvertr\u00e4ge, dazu geh\u00f6ren vor allem Mitarbeiter in der IT.\u201c<\/p>\n\n\n\n<p>Auch darin ist sich die neue F\u00fchrung in BW am Abend vollkommen einig, \u201eWir machen weiter! Es lohnt sich immer, sich f\u00fcr die Interessen der Mitarbeiter einzusetzen!\u201c (Marinko Skara, stellv. Landesvorsitzender BW)<\/p>\n\n\n","protected":false},"excerpt":{"rendered":"<p>Der Friedrichshafener Andreas Bemerl ist neuer Landesvorsitzende der CGM in Baden -W\u00fcrttemberg. Bemerl wurde beim 13. Ordentlichen Landesgewerkschaftstag in Friedrichshafen von einer gro\u00dfen Mehrheit der Delegierten zum neuen Vorsitzenden gew\u00e4hlt. Zu Stellvertretern wurden Martin Rott aus Schw\u00e4bisch Gm\u00fcnd und Marinko Skara aus B\u00f6blingen gew\u00e4hlt. Das Thema des 13. Landesgewerkschaftstag \u201eGewerkschaft schafft Zukunft\u201c war Programm. Neben &hellip; <\/p>\n<p class=\"link-more\"><a href=\"https:\/\/cgm-bw.de\/?p=46\" class=\"more-link\">Mehr <span class=\"screen-reader-text\">\u00fcber &#8222;Delegierte w\u00e4hlen neue F\u00fchrung in Baden-W\u00fcrttemberg&#8220; <\/span>Lesen<\/a><\/p>\n","protected":false},"author":1,"featured_media":0,"comment_status":"open","ping_status":"open","sticky":false,"template":"","format":"standard","meta":{"footnotes":""},"categories":[1],"tags":[],"class_list":["post-46","post","type-post","status-publish","format-standard","hentry","category-cgmbw_de"],"_links":{"self":[{"href":"https:\/\/cgm-bw.de\/index.php?rest_route=\/wp\/v2\/posts\/46","targetHints":{"allow":["GET"]}}],"collection":[{"href":"https:\/\/cgm-bw.de\/index.php?rest_route=\/wp\/v2\/posts"}],"about":[{"href":"https:\/\/cgm-bw.de\/index.php?rest_route=\/wp\/v2\/types\/post"}],"author":[{"embeddable":true,"href":"https:\/\/cgm-bw.de\/index.php?rest_route=\/wp\/v2\/users\/1"}],"replies":[{"embeddable":true,"href":"https:\/\/cgm-bw.de\/index.php?rest_route=%2Fwp%2Fv2%2Fcomments&post=46"}],"version-history":[{"count":2,"href":"https:\/\/cgm-bw.de\/index.php?rest_route=\/wp\/v2\/posts\/46\/revisions"}],"predecessor-version":[{"id":144,"href":"https:\/\/cgm-bw.de\/index.php?rest_route=\/wp\/v2\/posts\/46\/revisions\/144"}],"wp:attachment":[{"href":"https:\/\/cgm-bw.de\/index.php?rest_route=%2Fwp%2Fv2%2Fmedia&parent=46"}],"wp:term":[{"taxonomy":"category","embeddable":true,"href":"https:\/\/cgm-bw.de\/index.php?rest_route=%2Fwp%2Fv2%2Fcategories&post=46"},{"taxonomy":"post_tag","embeddable":true,"href":"https:\/\/cgm-bw.de\/index.php?rest_route=%2Fwp%2Fv2%2Ftags&post=46"}],"curies":[{"name":"wp","href":"https:\/\/api.w.org\/{rel}","templated":true}]}}