{"id":464,"date":"2023-04-02T06:55:00","date_gmt":"2023-04-02T04:55:00","guid":{"rendered":"https:\/\/cgm-bw.de\/?p=464"},"modified":"2025-07-30T16:57:28","modified_gmt":"2025-07-30T14:57:28","slug":"paul-nemeth","status":"publish","type":"post","link":"https:\/\/cgm-bw.de\/?p=464","title":{"rendered":"Franz Wieber Medaille"},"content":{"rendered":"\n<p>Paul Nemeth (M.d.L. Baden-W\u00fcrttemberg a.D.) wurde beim Landesgewerkschaftstag der CGMbw in Esslingen am 1.4.23 die Franz Wieber Medaille verliehen.<\/p>\n\n\n\n<p>Die Ehrung w\u00fcrdigt Nemeth&#8217;s langj\u00e4hrige Mitgliedschaft bei der CGM und sein anhaltendes Engagement f\u00fcr die Arbeitspl\u00e4tze aller Mitglieder als Bindeglied zwischen uns als Gewerkschaft und der Landespolitik in Baden W\u00fcrttemberg. <\/p>\n\n\n\n<p>Mit Sicherheit stammen einige graue Haare von Kretzschmann und Strobel von ihm. Wir als CGM bedanken uns herzlich f\u00fcr die Zusammenarbeit.<\/p>\n\n\n\n<figure class=\"wp-block-image size-large\"><img loading=\"lazy\" decoding=\"async\" width=\"660\" height=\"1024\" src=\"https:\/\/cgm-bw.de\/wp-content\/uploads\/2023\/04\/Bild_15_2-1-660x1024.jpg\" alt=\"\" class=\"wp-image-475\" srcset=\"https:\/\/cgm-bw.de\/wp-content\/uploads\/2023\/04\/Bild_15_2-1-660x1024.jpg 660w, https:\/\/cgm-bw.de\/wp-content\/uploads\/2023\/04\/Bild_15_2-1-193x300.jpg 193w, https:\/\/cgm-bw.de\/wp-content\/uploads\/2023\/04\/Bild_15_2-1-768x1191.jpg 768w, https:\/\/cgm-bw.de\/wp-content\/uploads\/2023\/04\/Bild_15_2-1.jpg 940w\" sizes=\"auto, (max-width: 660px) 100vw, 660px\" \/><\/figure>\n\n\n\n<p><\/p>\n","protected":false},"excerpt":{"rendered":"<p>Paul Nemeth (M.d.L. Baden-W\u00fcrttemberg a.D.) wurde beim Landesgewerkschaftstag der CGMbw in Esslingen am 1.4.23 die Franz Wieber Medaille verliehen. Die Ehrung w\u00fcrdigt Nemeth&#8217;s langj\u00e4hrige Mitgliedschaft bei der CGM und sein anhaltendes Engagement f\u00fcr die Arbeitspl\u00e4tze aller Mitglieder als Bindeglied zwischen uns als Gewerkschaft und der Landespolitik in Baden W\u00fcrttemberg. Mit Sicherheit stammen einige graue Haare &hellip; <\/p>\n<p class=\"link-more\"><a href=\"https:\/\/cgm-bw.de\/?p=464\" class=\"more-link\">Mehr <span class=\"screen-reader-text\">\u00fcber &#8222;Franz Wieber Medaille&#8220; <\/span>Lesen<\/a><\/p>\n","protected":false},"author":6,"featured_media":0,"comment_status":"open","ping_status":"open","sticky":false,"template":"","format":"standard","meta":{"footnotes":""},"categories":[24,18,1,11,8,9,13,7,6,10,12,5,4,23,16,25,26,20,22,21,15,19],"tags":[],"class_list":["post-464","post","type-post","status-publish","format-standard","hentry","category-berlin","category-bosch","category-cgmbw_de","category-friedrichshafen-ravensburg","category-heilbronn-hohenlohe","category-herrenberg-boeblingen","category-jugend","category-ostwuerttemberg","category-rems-murr","category-reutlingen-zollernalb","category-schwarzwald-baar-heuberg","category-stuttgart","category-ulm","category-duesseldorf","category-mercedes-benz","category-rastatt","category-sap","category-sindelfingen","category-stuttgart-untertuerkheim","category-stuttgart-zentrale","category-werke","category-zf"],"_links":{"self":[{"href":"https:\/\/cgm-bw.de\/index.php?rest_route=\/wp\/v2\/posts\/464","targetHints":{"allow":["GET"]}}],"collection":[{"href":"https:\/\/cgm-bw.de\/index.php?rest_route=\/wp\/v2\/posts"}],"about":[{"href":"https:\/\/cgm-bw.de\/index.php?rest_route=\/wp\/v2\/types\/post"}],"author":[{"embeddable":true,"href":"https:\/\/cgm-bw.de\/index.php?rest_route=\/wp\/v2\/users\/6"}],"replies":[{"embeddable":true,"href":"https:\/\/cgm-bw.de\/index.php?rest_route=%2Fwp%2Fv2%2Fcomments&post=464"}],"version-history":[{"count":5,"href":"https:\/\/cgm-bw.de\/index.php?rest_route=\/wp\/v2\/posts\/464\/revisions"}],"predecessor-version":[{"id":478,"href":"https:\/\/cgm-bw.de\/index.php?rest_route=\/wp\/v2\/posts\/464\/revisions\/478"}],"wp:attachment":[{"href":"https:\/\/cgm-bw.de\/index.php?rest_route=%2Fwp%2Fv2%2Fmedia&parent=464"}],"wp:term":[{"taxonomy":"category","embeddable":true,"href":"https:\/\/cgm-bw.de\/index.php?rest_route=%2Fwp%2Fv2%2Fcategories&post=464"},{"taxonomy":"post_tag","embeddable":true,"href":"https:\/\/cgm-bw.de\/index.php?rest_route=%2Fwp%2Fv2%2Ftags&post=464"}],"curies":[{"name":"wp","href":"https:\/\/api.w.org\/{rel}","templated":true}]}}