{"id":499,"date":"2023-04-28T07:27:00","date_gmt":"2023-04-28T05:27:00","guid":{"rendered":"https:\/\/cgm-bw.de\/?p=499"},"modified":"2023-06-26T15:38:36","modified_gmt":"2023-06-26T13:38:36","slug":"cgm-seminar-zavelstein","status":"publish","type":"post","link":"https:\/\/cgm-bw.de\/?p=499","title":{"rendered":"BBS-Seminar in Zavelstein"},"content":{"rendered":"\n<p>Vom 23.04.-28.04. fanden sich die Betriebsr\u00e4te der Standorte Sindelfingen und D\u00fcsseldorf zu einem Seminar in sch\u00f6nen Schwarzwald zum Thema <strong>virtuelle Betriebsratsarbeit<\/strong> ein.<\/p>\n\n\n\n<p>Die Teilnehmer &#8211; u.A. aus D\u00fcsseldorf &#8211; waren engagiert bei der Sache und erstellten in den Tagen mehrere Beitr\u00e4ge und Videos. An dieser Stelle herzlichen Dank an das Hotel <a rel=\"noreferrer noopener\" href=\"https:\/\/www.berlins-hotel.de\/\" target=\"_blank\">Berlin&#8217;s KroneLamm<\/a> f\u00fcr die kulinarische Untermalung der Seminartage und an den Referenten von <a rel=\"noreferrer noopener\" href=\"https:\/\/vecordia.de\/\" target=\"_blank\">VECORDIA | event &amp; media<\/a> f\u00fcr die verst\u00e4ndliche Vermittlung komplexer Inhalte.<\/p>\n\n\n\n<p>Wir freuen uns, euch ab sofort mit den gewonnen Kenntnissen noch besser zur Seite zu stehen.<br>#wirsindcgm<\/p>\n\n\n\n<figure class=\"wp-block-video\"><video height=\"720\" style=\"aspect-ratio: 720 \/ 720;\" width=\"720\" controls src=\"https:\/\/cgm-bw.de\/wp-content\/uploads\/2023\/04\/230426_Schulungsvideo_1.1-1.mp4\"><\/video><\/figure>\n","protected":false},"excerpt":{"rendered":"<p>Vom 23.04.-28.04. fanden sich die Betriebsr\u00e4te der Standorte Sindelfingen und D\u00fcsseldorf zu einem Seminar in sch\u00f6nen Schwarzwald zum Thema virtuelle Betriebsratsarbeit ein. Die Teilnehmer &#8211; u.A. aus D\u00fcsseldorf &#8211; waren engagiert bei der Sache und erstellten in den Tagen mehrere Beitr\u00e4ge und Videos. An dieser Stelle herzlichen Dank an das Hotel Berlin&#8217;s KroneLamm f\u00fcr die &hellip; <\/p>\n<p class=\"link-more\"><a href=\"https:\/\/cgm-bw.de\/?p=499\" class=\"more-link\">Mehr <span class=\"screen-reader-text\">\u00fcber &#8222;BBS-Seminar in Zavelstein&#8220; <\/span>Lesen<\/a><\/p>\n","protected":false},"author":12,"featured_media":0,"comment_status":"open","ping_status":"open","sticky":false,"template":"","format":"standard","meta":{"footnotes":""},"categories":[1],"tags":[],"class_list":["post-499","post","type-post","status-publish","format-standard","hentry","category-cgmbw_de"],"_links":{"self":[{"href":"https:\/\/cgm-bw.de\/index.php?rest_route=\/wp\/v2\/posts\/499","targetHints":{"allow":["GET"]}}],"collection":[{"href":"https:\/\/cgm-bw.de\/index.php?rest_route=\/wp\/v2\/posts"}],"about":[{"href":"https:\/\/cgm-bw.de\/index.php?rest_route=\/wp\/v2\/types\/post"}],"author":[{"embeddable":true,"href":"https:\/\/cgm-bw.de\/index.php?rest_route=\/wp\/v2\/users\/12"}],"replies":[{"embeddable":true,"href":"https:\/\/cgm-bw.de\/index.php?rest_route=%2Fwp%2Fv2%2Fcomments&post=499"}],"version-history":[{"count":9,"href":"https:\/\/cgm-bw.de\/index.php?rest_route=\/wp\/v2\/posts\/499\/revisions"}],"predecessor-version":[{"id":665,"href":"https:\/\/cgm-bw.de\/index.php?rest_route=\/wp\/v2\/posts\/499\/revisions\/665"}],"wp:attachment":[{"href":"https:\/\/cgm-bw.de\/index.php?rest_route=%2Fwp%2Fv2%2Fmedia&parent=499"}],"wp:term":[{"taxonomy":"category","embeddable":true,"href":"https:\/\/cgm-bw.de\/index.php?rest_route=%2Fwp%2Fv2%2Fcategories&post=499"},{"taxonomy":"post_tag","embeddable":true,"href":"https:\/\/cgm-bw.de\/index.php?rest_route=%2Fwp%2Fv2%2Ftags&post=499"}],"curies":[{"name":"wp","href":"https:\/\/api.w.org\/{rel}","templated":true}]}}