{"id":52,"date":"2019-09-13T15:48:00","date_gmt":"2019-09-13T13:48:00","guid":{"rendered":"https:\/\/cgmbw.de\/?p=52"},"modified":"2022-12-05T17:03:13","modified_gmt":"2022-12-05T16:03:13","slug":"cgm-baden-wuerttemberg-rundmail-13-09-2019","status":"publish","type":"post","link":"https:\/\/cgm-bw.de\/?p=52","title":{"rendered":"CGM Baden-W\u00fcrttemberg Rundmail 13.09.2019"},"content":{"rendered":"\n<figure class=\"wp-block-gallery aligncenter has-nested-images columns-default is-cropped wp-block-gallery-1 is-layout-flex wp-block-gallery-is-layout-flex\">\n<figure class=\"wp-block-image size-large\"><img loading=\"lazy\" decoding=\"async\" width=\"122\" height=\"145\" data-id=\"53\" src=\"https:\/\/cgmbw.de\/wp-content\/uploads\/2022\/12\/Geschaeftsfuehrerin_FN\u2013Jasmina_Brancazio.png\" alt=\"\" class=\"wp-image-53\"\/><\/figure>\n\n\n\n<figure class=\"wp-block-image size-large\"><img loading=\"lazy\" decoding=\"async\" width=\"177\" height=\"145\" data-id=\"54\" src=\"https:\/\/cgmbw.de\/wp-content\/uploads\/2022\/12\/Landesvorsitzender_BW-Andreas_Bemerl.png\" alt=\"\" class=\"wp-image-54\"\/><\/figure>\n<figcaption class=\"blocks-gallery-caption wp-element-caption\">Gesch\u00e4ftsf\u00fchrerin FN: Jasmina Brancazio,  Landesvorsitzender BW: Andreas Bemerl<\/figcaption><\/figure>\n\n\n\n<p><strong>Liebe Kollegeninnen und Kollegen, liebe Freunde und Bekannte,<\/strong><\/p>\n\n\n\n<p>Nachdem nun auch die Schulferien in Baden-W\u00fcrttemberg vorbei sind, starten wir endg\u00fcltig in die zweite Jahresh\u00e4lfte. Wir hoffen Ihr hattet einen sch\u00f6nen Sommer, habt euch gut erholt und k\u00f6nnt nun gesund und mit frischer Energie durchstarten.<\/p>\n\n\n\n<p>Auf unserem Landesgewerkschaftstag im April in Friedrichshafen haben wir uns eine Vielzahl von Aufgaben vorgenommen. Eine davon ist der Aufbau und die St\u00e4rkung der Jugendarbeit. Wir haben unsere Hausaufgaben gemacht. In seiner ersten Sitzung hat der neue Landesvorstand Jasmina Brancazio zur Jugendbeauftragten in Baden-W\u00fcrttemberg ernannt. Erfolgreich koordiniert sie das neue Jugendkonzept der CGM BW zusammen mit den Jugendbeauftragten der Bezirke.<\/p>\n\n\n\n<p>Das Ergebnis sind bereits zahlreiche Veranstaltungen die wir den jungen Mitglieder\/innen und Interessierten anbieten k\u00f6nnen.<\/p>\n\n\n\n<ol class=\"wp-block-list\">\n<li>Oktober: Besuch des Daimler Werks in Sindelfingen (inkl. Teststrecke)<\/li>\n<\/ol>\n\n\n\n<p>Auch f\u00fcr das kommende Jahr planen wir bereits Aktionen, wie z.B. die Studienfahrt f\u00fcr junge CGM\u2019ler nach Sarajevo, diverse Freizeitveranstaltungen sowie weitere Seminare und Informationsveranstaltungen.<\/p>\n\n\n\n<p>Wir brauchen aber weiterhin eure Unterst\u00fctzung!&nbsp;<strong>Geht auf junge Kollegen und neue Azubis zu!<\/strong>&nbsp;Stellt euch und die CGM vor. Gibt Info zu unseren Aktionen und Veranstaltungen. Bei uns steht der Mensch im Mittelpunkt! Pers\u00f6nlich. Menschlich. Nah.<\/p>\n\n\n\n<p>Ihr braucht hierf\u00fcr Informationsmaterial oder Ideen f\u00fcr die Jugendarbeit in eurem Bezirk? Dann meldet euch &#8211; wir unterst\u00fctzen euch gerne!<\/p>\n\n\n\n<p>Blau ist schlau! Viele Gr\u00fc\u00dfe!<\/p>\n","protected":false},"excerpt":{"rendered":"<p>Liebe Kollegeninnen und Kollegen, liebe Freunde und Bekannte, Nachdem nun auch die Schulferien in Baden-W\u00fcrttemberg vorbei sind, starten wir endg\u00fcltig in die zweite Jahresh\u00e4lfte. Wir hoffen Ihr hattet einen sch\u00f6nen Sommer, habt euch gut erholt und k\u00f6nnt nun gesund und mit frischer Energie durchstarten. Auf unserem Landesgewerkschaftstag im April in Friedrichshafen haben wir uns eine &hellip; <\/p>\n<p class=\"link-more\"><a href=\"https:\/\/cgm-bw.de\/?p=52\" class=\"more-link\">Mehr <span class=\"screen-reader-text\">\u00fcber &#8222;CGM Baden-W\u00fcrttemberg Rundmail 13.09.2019&#8220; <\/span>Lesen<\/a><\/p>\n","protected":false},"author":1,"featured_media":0,"comment_status":"open","ping_status":"open","sticky":false,"template":"","format":"standard","meta":{"footnotes":""},"categories":[1],"tags":[],"class_list":["post-52","post","type-post","status-publish","format-standard","hentry","category-cgmbw_de"],"_links":{"self":[{"href":"https:\/\/cgm-bw.de\/index.php?rest_route=\/wp\/v2\/posts\/52","targetHints":{"allow":["GET"]}}],"collection":[{"href":"https:\/\/cgm-bw.de\/index.php?rest_route=\/wp\/v2\/posts"}],"about":[{"href":"https:\/\/cgm-bw.de\/index.php?rest_route=\/wp\/v2\/types\/post"}],"author":[{"embeddable":true,"href":"https:\/\/cgm-bw.de\/index.php?rest_route=\/wp\/v2\/users\/1"}],"replies":[{"embeddable":true,"href":"https:\/\/cgm-bw.de\/index.php?rest_route=%2Fwp%2Fv2%2Fcomments&post=52"}],"version-history":[{"count":2,"href":"https:\/\/cgm-bw.de\/index.php?rest_route=\/wp\/v2\/posts\/52\/revisions"}],"predecessor-version":[{"id":142,"href":"https:\/\/cgm-bw.de\/index.php?rest_route=\/wp\/v2\/posts\/52\/revisions\/142"}],"wp:attachment":[{"href":"https:\/\/cgm-bw.de\/index.php?rest_route=%2Fwp%2Fv2%2Fmedia&parent=52"}],"wp:term":[{"taxonomy":"category","embeddable":true,"href":"https:\/\/cgm-bw.de\/index.php?rest_route=%2Fwp%2Fv2%2Fcategories&post=52"},{"taxonomy":"post_tag","embeddable":true,"href":"https:\/\/cgm-bw.de\/index.php?rest_route=%2Fwp%2Fv2%2Ftags&post=52"}],"curies":[{"name":"wp","href":"https:\/\/api.w.org\/{rel}","templated":true}]}}