{"id":56,"date":"2019-10-23T15:51:00","date_gmt":"2019-10-23T13:51:00","guid":{"rendered":"https:\/\/cgmbw.de\/?p=56"},"modified":"2022-12-05T17:03:00","modified_gmt":"2022-12-05T16:03:00","slug":"die-automobilindustrie-im-wandel-die-zukunft-des-wasserstoffauto","status":"publish","type":"post","link":"https:\/\/cgm-bw.de\/?p=56","title":{"rendered":"Die Automobilindustrie im Wandel \u2013\u00a0die Zukunft des Wasserstoffauto"},"content":{"rendered":"\n<figure class=\"wp-block-image size-full\"><img loading=\"lazy\" decoding=\"async\" width=\"1000\" height=\"750\" src=\"https:\/\/cgmbw.de\/wp-content\/uploads\/2022\/12\/Automobilwandel_Wasserstoffauto.jpg\" alt=\"\" class=\"wp-image-57\" srcset=\"https:\/\/cgm-bw.de\/wp-content\/uploads\/2022\/12\/Automobilwandel_Wasserstoffauto.jpg 1000w, https:\/\/cgm-bw.de\/wp-content\/uploads\/2022\/12\/Automobilwandel_Wasserstoffauto-300x225.jpg 300w, https:\/\/cgm-bw.de\/wp-content\/uploads\/2022\/12\/Automobilwandel_Wasserstoffauto-768x576.jpg 768w\" sizes=\"auto, (max-width: 1000px) 100vw, 1000px\" \/><figcaption class=\"wp-element-caption\">Regenerativ erzeugter Wasserstoff und die Chancen (von rechts): Betriebsrat Milan Vrban,\u00a0Prof. Dr. Peter Virticaus Slowenien, die neue Gesch\u00e4ftsstellenleiterin\u00a0Clara Specht, Dipl.- Ing.Benjamin Belis und Vertrauensmann Dr. Michael Bayer tauschten sich \u00fcber die EU-Projekte Virtics aus.\u00a0<\/figcaption><\/figure>\n\n\n\n<p>Welche M\u00f6glichkeiten bietet der Einsatz von regenerativ erzeugtem Wasserstoff als sekund\u00e4rem Energietr\u00e4ger? Wie ist es um die Speicherung bestellt? Themen wie diese diskutierten Vertreter der CGM mit Prof. Dr. Peter Virtic und Dipl.-Ing. Benjamin Belis von der slowenischen Universit\u00e4t in Maribor bei einem Besuch im Daimler-Werk und in der CGM-Gesch\u00e4ftsstelle. Prof. Virtic ist unter anderem f\u00fcr den mobilen Einsatz von Wasserstoff z.B. in Brennstoffzellenfahrzeugen auf der Suche nach m\u00f6glichen Partnern f\u00fcr EU-F\u00f6rderprojekte oder auch gemeinsame Vorhaben im Bereich Forschung und Entwicklung. Der CGM ist es wichtig, mit Blick auf die Ver\u00e4nderungen in der Arbeitswelt wesentliche Themen fr\u00fchzeitig zu diskutieren, bevor sie sich auf Arbeitspl\u00e4tze auswirken.<\/p>\n\n\n\n<p>Nach einer F\u00fchrung durch das Daimler-Werk Sindelfingen tauschten sich Prof. Virtic und Benjamin Belis in der&nbsp;CGM-Gesch\u00e4ftsstelle mit Vertrauensmann Dr. Michael Bayer, Betriebsrat Milan Vrban und der neuen Gesch\u00e4ftsf\u00fchrerin&nbsp;Clara Specht&nbsp;aus. Prof. Virtic hat neben seiner Lehrt\u00e4tigkeit an der Universit\u00e4t von Maribor das \u201eCentre for Development of International Value Chains\u201c gegr\u00fcndet.&nbsp;&nbsp;In mittlerweile sieben EU-F\u00f6rderprojekten untersucht er Themen wie Wasseraufbereitung, Elektromobilit\u00e4t, Gesundheit, System\u00fcberwachung und Datenerfassung, K\u00fcnstliche Intelligenz oder auch die Weiterentwicklung von Batteriesystemen. Dr. Bayer sagte frei nach Albert Einstein: \u201eProbleme k\u00f6nnen niemals durch dieselbe Denkweise gel\u00f6st werden, durch die sie entstanden sind.\u201c.<\/p>\n\n\n\n<p>Der Schwerpunkt des Austauschs lag auf dem Einsatz von regenerativ erzeugtem Wasserstoff, hier sieht&nbsp;Prof. Virtic&nbsp;gro\u00dfe Chancen f\u00fcr die Zukunft.<\/p>\n","protected":false},"excerpt":{"rendered":"<p>Welche M\u00f6glichkeiten bietet der Einsatz von regenerativ erzeugtem Wasserstoff als sekund\u00e4rem Energietr\u00e4ger? Wie ist es um die Speicherung bestellt? Themen wie diese diskutierten Vertreter der CGM mit Prof. Dr. Peter Virtic und Dipl.-Ing. Benjamin Belis von der slowenischen Universit\u00e4t in Maribor bei einem Besuch im Daimler-Werk und in der CGM-Gesch\u00e4ftsstelle. Prof. Virtic ist unter anderem &hellip; <\/p>\n<p class=\"link-more\"><a href=\"https:\/\/cgm-bw.de\/?p=56\" class=\"more-link\">Mehr <span class=\"screen-reader-text\">\u00fcber &#8222;Die Automobilindustrie im Wandel \u2013\u00a0die Zukunft des Wasserstoffauto&#8220; <\/span>Lesen<\/a><\/p>\n","protected":false},"author":1,"featured_media":0,"comment_status":"open","ping_status":"open","sticky":false,"template":"","format":"standard","meta":{"footnotes":""},"categories":[1],"tags":[],"class_list":["post-56","post","type-post","status-publish","format-standard","hentry","category-cgmbw_de"],"_links":{"self":[{"href":"https:\/\/cgm-bw.de\/index.php?rest_route=\/wp\/v2\/posts\/56","targetHints":{"allow":["GET"]}}],"collection":[{"href":"https:\/\/cgm-bw.de\/index.php?rest_route=\/wp\/v2\/posts"}],"about":[{"href":"https:\/\/cgm-bw.de\/index.php?rest_route=\/wp\/v2\/types\/post"}],"author":[{"embeddable":true,"href":"https:\/\/cgm-bw.de\/index.php?rest_route=\/wp\/v2\/users\/1"}],"replies":[{"embeddable":true,"href":"https:\/\/cgm-bw.de\/index.php?rest_route=%2Fwp%2Fv2%2Fcomments&post=56"}],"version-history":[{"count":2,"href":"https:\/\/cgm-bw.de\/index.php?rest_route=\/wp\/v2\/posts\/56\/revisions"}],"predecessor-version":[{"id":140,"href":"https:\/\/cgm-bw.de\/index.php?rest_route=\/wp\/v2\/posts\/56\/revisions\/140"}],"wp:attachment":[{"href":"https:\/\/cgm-bw.de\/index.php?rest_route=%2Fwp%2Fv2%2Fmedia&parent=56"}],"wp:term":[{"taxonomy":"category","embeddable":true,"href":"https:\/\/cgm-bw.de\/index.php?rest_route=%2Fwp%2Fv2%2Fcategories&post=56"},{"taxonomy":"post_tag","embeddable":true,"href":"https:\/\/cgm-bw.de\/index.php?rest_route=%2Fwp%2Fv2%2Ftags&post=56"}],"curies":[{"name":"wp","href":"https:\/\/api.w.org\/{rel}","templated":true}]}}