{"id":59,"date":"2019-10-20T15:53:00","date_gmt":"2019-10-20T13:53:00","guid":{"rendered":"https:\/\/cgmbw.de\/?p=59"},"modified":"2022-12-05T17:03:06","modified_gmt":"2022-12-05T16:03:06","slug":"cgm-baden-wuerttemberg-rundmail-vom-16-10-2019","status":"publish","type":"post","link":"https:\/\/cgm-bw.de\/?p=59","title":{"rendered":"CGM Baden-W\u00fcrttemberg Rundmail vom 16.10.2019"},"content":{"rendered":"\n<figure class=\"wp-block-image size-full\"><img loading=\"lazy\" decoding=\"async\" width=\"410\" height=\"613\" src=\"https:\/\/cgmbw.de\/wp-content\/uploads\/2022\/12\/Landesvorsitzender_BW-Andreas_Bemerl_2.png\" alt=\"\" class=\"wp-image-60\" srcset=\"https:\/\/cgm-bw.de\/wp-content\/uploads\/2022\/12\/Landesvorsitzender_BW-Andreas_Bemerl_2.png 410w, https:\/\/cgm-bw.de\/wp-content\/uploads\/2022\/12\/Landesvorsitzender_BW-Andreas_Bemerl_2-201x300.png 201w\" sizes=\"auto, (max-width: 410px) 100vw, 410px\" \/><figcaption class=\"wp-element-caption\"><strong>Viele Gr\u00fc\u00dfe! Euer Andreas<\/strong><br><strong>Bemerl<\/strong><br><em>Landesvorsitzender<\/em><\/figcaption><\/figure>\n\n\n\n<figure class=\"wp-block-pullquote\"><blockquote><p>wir sind noch lange nicht am Ende des Weges<\/p><cite><strong><em>ehem. Bundesvorsitzender Siegfried Ehret<\/em><\/strong><\/cite><\/blockquote><\/figure>\n\n\n\n<p><strong>Liebe Kolleginnen und Kollegen,\u00a0liebe Freunde und Bekannte,<\/strong><\/p>\n\n\n\n<p>Seit einem halben Jahr arbeitet der Landesvorstand Baden-W\u00fcrttemberg in neuer Konstellation bereits zusammen und weiterhin geben wir Vollgas! Ein halbes Jahr welches dank der Motivation des gesamten Teams schnell vergangen ist. Daher m\u00f6chte ich mich zun\u00e4chst f\u00fcr die Disziplin und hervorragende Arbeit des ehrenamtlichen Vorstands der Tarifkommission BW, den hauptamtlichen Gesch\u00e4ftsf\u00fchrer\/innen und Verwaltungsangestellten in BW, sowie den Kollegen\/innen aus der Hauptverwaltung bedanken.\u00a0<\/p>\n\n\n\n<p><em>Bereits nach dieser kurzen Zeit, k\u00f6nnen wir eine erste positive Bilanz ziehen:&nbsp;<\/em><\/p>\n\n\n\n<p><em>&nbsp;<\/em>Mit dem Arbeitgeberverband Sanit\u00e4r Heizung und Klima haben wir unsere Tarifvertr\u00e4ge f\u00fcr Sonderzahlungen verl\u00e4ngert. Im November treffen wir uns zu weiteren Arbeitsgespr\u00e4chen. * Wir haben unsere Tarifvertr\u00e4ge f\u00fcr das Kfz Handwerk erneuert. * Wir pflegen weiterhin engen Kontakt zu S\u00fcdwestmetall und bleiben auch hier fortlaufend im Gespr\u00e4ch. Weitere Termine im November sind in der Vorbereitung. * Das Jugendkonzept in Baden-W\u00fcrttemberg findet Anwendung. Die ersten Veranstaltungen haben wir erfolgreich durchgef\u00fchrt. Das Feedback der Jugend ist sehr positiv! * Im Social Media Bereich haben wir zwischenzeitlich eine konstante Pr\u00e4senz und arbeiten weiterhin an der Professionalisierung unseres Auftritts. * Und \u2026. Darauf bin ich sehr stolz!! Wir haben unsere erste eigene APP!<\/p>\n","protected":false},"excerpt":{"rendered":"<p>wir sind noch lange nicht am Ende des Weges ehem. Bundesvorsitzender Siegfried Ehret Liebe Kolleginnen und Kollegen,\u00a0liebe Freunde und Bekannte, Seit einem halben Jahr arbeitet der Landesvorstand Baden-W\u00fcrttemberg in neuer Konstellation bereits zusammen und weiterhin geben wir Vollgas! Ein halbes Jahr welches dank der Motivation des gesamten Teams schnell vergangen ist. Daher m\u00f6chte ich mich &hellip; <\/p>\n<p class=\"link-more\"><a href=\"https:\/\/cgm-bw.de\/?p=59\" class=\"more-link\">Mehr <span class=\"screen-reader-text\">\u00fcber &#8222;CGM Baden-W\u00fcrttemberg Rundmail vom 16.10.2019&#8220; <\/span>Lesen<\/a><\/p>\n","protected":false},"author":1,"featured_media":0,"comment_status":"open","ping_status":"open","sticky":false,"template":"","format":"standard","meta":{"footnotes":""},"categories":[1],"tags":[],"class_list":["post-59","post","type-post","status-publish","format-standard","hentry","category-cgmbw_de"],"_links":{"self":[{"href":"https:\/\/cgm-bw.de\/index.php?rest_route=\/wp\/v2\/posts\/59","targetHints":{"allow":["GET"]}}],"collection":[{"href":"https:\/\/cgm-bw.de\/index.php?rest_route=\/wp\/v2\/posts"}],"about":[{"href":"https:\/\/cgm-bw.de\/index.php?rest_route=\/wp\/v2\/types\/post"}],"author":[{"embeddable":true,"href":"https:\/\/cgm-bw.de\/index.php?rest_route=\/wp\/v2\/users\/1"}],"replies":[{"embeddable":true,"href":"https:\/\/cgm-bw.de\/index.php?rest_route=%2Fwp%2Fv2%2Fcomments&post=59"}],"version-history":[{"count":2,"href":"https:\/\/cgm-bw.de\/index.php?rest_route=\/wp\/v2\/posts\/59\/revisions"}],"predecessor-version":[{"id":141,"href":"https:\/\/cgm-bw.de\/index.php?rest_route=\/wp\/v2\/posts\/59\/revisions\/141"}],"wp:attachment":[{"href":"https:\/\/cgm-bw.de\/index.php?rest_route=%2Fwp%2Fv2%2Fmedia&parent=59"}],"wp:term":[{"taxonomy":"category","embeddable":true,"href":"https:\/\/cgm-bw.de\/index.php?rest_route=%2Fwp%2Fv2%2Fcategories&post=59"},{"taxonomy":"post_tag","embeddable":true,"href":"https:\/\/cgm-bw.de\/index.php?rest_route=%2Fwp%2Fv2%2Ftags&post=59"}],"curies":[{"name":"wp","href":"https:\/\/api.w.org\/{rel}","templated":true}]}}