{"id":68,"date":"2020-07-19T16:01:00","date_gmt":"2020-07-19T14:01:00","guid":{"rendered":"https:\/\/cgmbw.de\/?p=68"},"modified":"2022-12-05T17:02:23","modified_gmt":"2022-12-05T16:02:23","slug":"arbeitsplaetze-vs-umweltschutz-stellen-keinen-widerspruch-dar","status":"publish","type":"post","link":"https:\/\/cgm-bw.de\/?p=68","title":{"rendered":"Arbeitspl\u00e4tze vs. Umweltschutz stellen keinen Widerspruch dar!"},"content":{"rendered":"\n<p>Vor kurzem fand via Videocall das erste Gespr\u00e4ch zwischen Frau Skudelny (MdB), Umweltpolitische Sprecherin der FDP, dem wissenschaftlichen Mitarbeiter Maximilian M\u00fcnter und der CGM Baden-W\u00fcrttemberg, vertreten durch den Landesvorsitzenden Andreas Bemerl, die Gesch\u00e4ftsf\u00fchrerin der Gesch\u00e4ftsstelle Sindelfingen Clara Specht und dem Daimler-Betriebsrat Domenico Francavilla statt. Das Gespr\u00e4ch konzentrierte sich auf umweltschonende Antriebstechnologien, die Festlegung von Flottengrenzwerten im Trilog-Verfahren und die Treibhausgasemissionen im Baugewerbe, Schifffahrt und Luftverkehr.<\/p>\n\n\n\n<p>Frau Skudelny sprach sich daf\u00fcr aus nicht nur in E-Mobility zu investieren, sondern auch weitere umweltschonende Antriebstechnologien wie das Hybridauto nicht aus dem Blick zu verlieren. Dabei gelte es nicht nur Flottengrenzwerte festzulegen, sondern durch Technologieoffenheit individuelle Mobilit\u00e4t umweltschonender zu gestalten und die rund 470 000 Arbeitspl\u00e4tze, welche direkt oder indirekt in der Automobilindustrie in Baden-W\u00fcrttemberg angesiedelt sind, zu sch\u00fctzen, so die Stuttgarterin.<\/p>\n\n\n\n<p>Im Ergebnis waren sich Politik und Gewerkschaft einig, dass zwischen nachhaltiger umweltschonender Mobilit\u00e4t und dem Erhalt von Arbeitspl\u00e4tzen kein Widerspruch besteht. Ganz im Gegenteil, es bietet sich die Chance durch innovative Technologien neue Arbeitspl\u00e4tze zu schaffen und hierdurch sogar die Position am Weltmarkt auszubauen.<\/p>\n\n\n\n<p>Hier sind Arbeitgeber und Politik gefordert quer zu denken und Alternativen zu f\u00f6rdern!<\/p>\n\n\n\n<p>Wir danken Frau Skudelny f\u00fcr das informative und sehr sympathische Gespr\u00e4ch. Wir freuen uns auf weitere Kontakte!<\/p>\n\n\n\n<figure class=\"wp-block-image\" id=\"yui_3_17_2_1_1670252532288_389\"><img decoding=\"async\" src=\"https:\/\/images.squarespace-cdn.com\/content\/v1\/54514a7de4b04e075319ef92\/1594976942175-HEQ0HXIVBILZV2K7BIG3\/neu_Judith+Skudelny.jpg?format=1000w\" alt=\"neu_Judith Skudelny.jpg\"\/><\/figure>\n","protected":false},"excerpt":{"rendered":"<p>Vor kurzem fand via Videocall das erste Gespr\u00e4ch zwischen Frau Skudelny (MdB), Umweltpolitische Sprecherin der FDP, dem wissenschaftlichen Mitarbeiter Maximilian M\u00fcnter und der CGM Baden-W\u00fcrttemberg, vertreten durch den Landesvorsitzenden Andreas Bemerl, die Gesch\u00e4ftsf\u00fchrerin der Gesch\u00e4ftsstelle Sindelfingen Clara Specht und dem Daimler-Betriebsrat Domenico Francavilla statt. Das Gespr\u00e4ch konzentrierte sich auf umweltschonende Antriebstechnologien, die Festlegung von Flottengrenzwerten &hellip; <\/p>\n<p class=\"link-more\"><a href=\"https:\/\/cgm-bw.de\/?p=68\" class=\"more-link\">Mehr <span class=\"screen-reader-text\">\u00fcber &#8222;Arbeitspl\u00e4tze vs. Umweltschutz stellen keinen Widerspruch dar!&#8220; <\/span>Lesen<\/a><\/p>\n","protected":false},"author":1,"featured_media":0,"comment_status":"open","ping_status":"open","sticky":false,"template":"","format":"standard","meta":{"footnotes":""},"categories":[1],"tags":[],"class_list":["post-68","post","type-post","status-publish","format-standard","hentry","category-cgmbw_de"],"_links":{"self":[{"href":"https:\/\/cgm-bw.de\/index.php?rest_route=\/wp\/v2\/posts\/68","targetHints":{"allow":["GET"]}}],"collection":[{"href":"https:\/\/cgm-bw.de\/index.php?rest_route=\/wp\/v2\/posts"}],"about":[{"href":"https:\/\/cgm-bw.de\/index.php?rest_route=\/wp\/v2\/types\/post"}],"author":[{"embeddable":true,"href":"https:\/\/cgm-bw.de\/index.php?rest_route=\/wp\/v2\/users\/1"}],"replies":[{"embeddable":true,"href":"https:\/\/cgm-bw.de\/index.php?rest_route=%2Fwp%2Fv2%2Fcomments&post=68"}],"version-history":[{"count":2,"href":"https:\/\/cgm-bw.de\/index.php?rest_route=\/wp\/v2\/posts\/68\/revisions"}],"predecessor-version":[{"id":136,"href":"https:\/\/cgm-bw.de\/index.php?rest_route=\/wp\/v2\/posts\/68\/revisions\/136"}],"wp:attachment":[{"href":"https:\/\/cgm-bw.de\/index.php?rest_route=%2Fwp%2Fv2%2Fmedia&parent=68"}],"wp:term":[{"taxonomy":"category","embeddable":true,"href":"https:\/\/cgm-bw.de\/index.php?rest_route=%2Fwp%2Fv2%2Fcategories&post=68"},{"taxonomy":"post_tag","embeddable":true,"href":"https:\/\/cgm-bw.de\/index.php?rest_route=%2Fwp%2Fv2%2Ftags&post=68"}],"curies":[{"name":"wp","href":"https:\/\/api.w.org\/{rel}","templated":true}]}}