{"id":820,"date":"2023-08-04T11:45:25","date_gmt":"2023-08-04T09:45:25","guid":{"rendered":"https:\/\/cgm-bw.de\/?p=820"},"modified":"2023-08-09T12:06:13","modified_gmt":"2023-08-09T10:06:13","slug":"cgm-wuenscht-einen-tollen-sommer","status":"publish","type":"post","link":"https:\/\/cgm-bw.de\/?p=820","title":{"rendered":"CGM w\u00fcnscht einen tollen Sommer!"},"content":{"rendered":"\n<figure class=\"wp-block-image aligncenter size-full\"><img loading=\"lazy\" decoding=\"async\" width=\"600\" height=\"400\" src=\"https:\/\/cgm-bw.de\/wp-content\/uploads\/2023\/08\/2023-Sommer-web.jpg\" alt=\"\" class=\"wp-image-807\" srcset=\"https:\/\/cgm-bw.de\/wp-content\/uploads\/2023\/08\/2023-Sommer-web.jpg 600w, https:\/\/cgm-bw.de\/wp-content\/uploads\/2023\/08\/2023-Sommer-web-300x200.jpg 300w\" sizes=\"auto, (max-width: 600px) 100vw, 600px\" \/><\/figure>\n\n\n\n<p class=\"has-text-align-left\" style=\"font-size:clamp(14px, 0.875rem + ((1vw - 3.2px) * 0.208), 16px);\">Allen in den Urlaub fahrenden Kolleginnen und Kollegen w\u00fcnschen wir eine gute Reise und eine wundervolle Zeit an ihrem Urlaubsort! Auch den &#8222;Daheimgebliebenen&#8220; w\u00fcnschen wir nat\u00fcrlich erholsame Tage.<br><br>Egal wo ihr euren Urlaub verbringt: Kommt gut wieder zur\u00fcck! Falls ihr doch krank werdet, denkt an unseren Beitrag: <\/p>\n\n\n\n<figure class=\"wp-block-embed is-type-wp-embed is-provider-cgm-baden-wurttemberg wp-block-embed-cgm-baden-wurttemberg\"><div class=\"wp-block-embed__wrapper\">\n<blockquote class=\"wp-embedded-content\" data-secret=\"hUeLNKGj1V\"><a href=\"https:\/\/cgm-bw.de\/?p=661\">Krank im Urlaub<\/a><\/blockquote><iframe loading=\"lazy\" class=\"wp-embedded-content\" sandbox=\"allow-scripts\" security=\"restricted\" style=\"position: absolute; clip: rect(1px, 1px, 1px, 1px);\" title=\"&#8222;Krank im Urlaub&#8220; &#8212; CGM Baden-W\u00fcrttemberg\" src=\"https:\/\/cgm-bw.de\/?p=661&#038;embed=true#?secret=AWkkhDZJMl#?secret=hUeLNKGj1V\" data-secret=\"hUeLNKGj1V\" width=\"600\" height=\"338\" frameborder=\"0\" marginwidth=\"0\" marginheight=\"0\" scrolling=\"no\"><\/iframe>\n<\/div><\/figure>\n\n\n\n<p style=\"font-size:clamp(14px, 0.875rem + ((1vw - 3.2px) * 0.208), 16px);\">\u00dcbrigens: Die Freizeitunfallversicherung, die in der CGM-Mitgliedschaft enthalten ist, greift auch bei Unf\u00e4llen im Ausland!<\/p>\n","protected":false},"excerpt":{"rendered":"<p>Die CGM w\u00fcnscht einen tollen Sommer!<\/p>\n","protected":false},"author":16,"featured_media":0,"comment_status":"open","ping_status":"open","sticky":false,"template":"","format":"image","meta":{"footnotes":""},"categories":[1],"tags":[36,32,31],"class_list":["post-820","post","type-post","status-publish","format-image","hentry","category-cgmbw_de","tag-ferien","tag-sommer","tag-urlaub","post_format-post-format-image"],"_links":{"self":[{"href":"https:\/\/cgm-bw.de\/index.php?rest_route=\/wp\/v2\/posts\/820","targetHints":{"allow":["GET"]}}],"collection":[{"href":"https:\/\/cgm-bw.de\/index.php?rest_route=\/wp\/v2\/posts"}],"about":[{"href":"https:\/\/cgm-bw.de\/index.php?rest_route=\/wp\/v2\/types\/post"}],"author":[{"embeddable":true,"href":"https:\/\/cgm-bw.de\/index.php?rest_route=\/wp\/v2\/users\/16"}],"replies":[{"embeddable":true,"href":"https:\/\/cgm-bw.de\/index.php?rest_route=%2Fwp%2Fv2%2Fcomments&post=820"}],"version-history":[{"count":6,"href":"https:\/\/cgm-bw.de\/index.php?rest_route=\/wp\/v2\/posts\/820\/revisions"}],"predecessor-version":[{"id":861,"href":"https:\/\/cgm-bw.de\/index.php?rest_route=\/wp\/v2\/posts\/820\/revisions\/861"}],"wp:attachment":[{"href":"https:\/\/cgm-bw.de\/index.php?rest_route=%2Fwp%2Fv2%2Fmedia&parent=820"}],"wp:term":[{"taxonomy":"category","embeddable":true,"href":"https:\/\/cgm-bw.de\/index.php?rest_route=%2Fwp%2Fv2%2Fcategories&post=820"},{"taxonomy":"post_tag","embeddable":true,"href":"https:\/\/cgm-bw.de\/index.php?rest_route=%2Fwp%2Fv2%2Ftags&post=820"}],"curies":[{"name":"wp","href":"https:\/\/api.w.org\/{rel}","templated":true}]}}