{"id":844,"date":"2023-09-01T09:00:00","date_gmt":"2023-09-01T07:00:00","guid":{"rendered":"https:\/\/cgm-bw.de\/?p=844"},"modified":"2023-08-09T12:09:16","modified_gmt":"2023-08-09T10:09:16","slug":"willkommen-azubis","status":"publish","type":"post","link":"https:\/\/cgm-bw.de\/?p=844","title":{"rendered":"Willkommen, Azubis!"},"content":{"rendered":"\n<figure class=\"wp-block-image size-large is-resized\"><img loading=\"lazy\" decoding=\"async\" src=\"https:\/\/cgm-bw.de\/wp-content\/uploads\/2023\/08\/23-08-Willkommen-Azubis-quadratisch-1024x1024.jpg\" alt=\"\" class=\"wp-image-845\" style=\"object-fit:cover;width:800px;height:800px\" width=\"800\" height=\"800\" srcset=\"https:\/\/cgm-bw.de\/wp-content\/uploads\/2023\/08\/23-08-Willkommen-Azubis-quadratisch-1024x1024.jpg 1024w, https:\/\/cgm-bw.de\/wp-content\/uploads\/2023\/08\/23-08-Willkommen-Azubis-quadratisch-300x300.jpg 300w, https:\/\/cgm-bw.de\/wp-content\/uploads\/2023\/08\/23-08-Willkommen-Azubis-quadratisch-150x150.jpg 150w, https:\/\/cgm-bw.de\/wp-content\/uploads\/2023\/08\/23-08-Willkommen-Azubis-quadratisch-768x768.jpg 768w, https:\/\/cgm-bw.de\/wp-content\/uploads\/2023\/08\/23-08-Willkommen-Azubis-quadratisch-1536x1536.jpg 1536w, https:\/\/cgm-bw.de\/wp-content\/uploads\/2023\/08\/23-08-Willkommen-Azubis-quadratisch-2048x2048.jpg 2048w, https:\/\/cgm-bw.de\/wp-content\/uploads\/2023\/08\/23-08-Willkommen-Azubis-quadratisch-2000x2000.jpg 2000w\" sizes=\"auto, (max-width: 800px) 100vw, 800px\" \/><\/figure>\n\n\n\n<p>Liebe Azubis,<\/p>\n\n\n\n<p>wir m\u00f6chten Euch in Euren Betrieben herzlich willkommen hei\u00dfen! Mit der Ausbildung beginnt f\u00fcr Euch ein neuer Lebensabschnitt und Ihr stellt die Weichen f\u00fcr Eure Zukunft. Viel Erfolg und Spa\u00df dabei!<\/p>\n\n\n\n<p>In dieser wichtigen Zeit ist die CGM auch f\u00fcr Euch da &#8211; pers\u00f6nlich, menschlich, nah! Bei Fragen oder Problemen z\u00f6gert nicht, Euch an eure CGM-Ansprechperson im Betrieb zu wenden.<\/p>\n\n\n\n<p>Einen guten Start w\u00fcnscht<br>Eure CGM<\/p>\n\n\n\n<p><\/p>\n\n\n\n<p>F\u00fcr Auszubildende und junge Leute haben wir \u00fcbrigens eine zugeschnittene Mitgliedschaft &#8211; schaut doch mal rein! Alle Infos findet ihr hier:<\/p>\n\n\n\n<p><\/p>\n\n\n\n<figure class=\"wp-block-embed is-type-wp-embed is-provider-christliche-gewerkschaft-metall wp-block-embed-christliche-gewerkschaft-metall\"><div class=\"wp-block-embed__wrapper\">\n<blockquote class=\"wp-embedded-content\" data-secret=\"xrRAnM9Cp8\"><a href=\"https:\/\/cgm.de\/jugend\/\">CGM f\u00fcr Jugendliche<\/a><\/blockquote><iframe loading=\"lazy\" class=\"wp-embedded-content\" sandbox=\"allow-scripts\" security=\"restricted\" style=\"position: absolute; clip: rect(1px, 1px, 1px, 1px);\" title=\"&#8222;CGM f\u00fcr Jugendliche&#8220; &#8212; Christliche Gewerkschaft Metall\" src=\"https:\/\/cgm.de\/jugend\/embed\/#?secret=aheksXZuvV#?secret=xrRAnM9Cp8\" data-secret=\"xrRAnM9Cp8\" width=\"600\" height=\"338\" frameborder=\"0\" marginwidth=\"0\" marginheight=\"0\" scrolling=\"no\"><\/iframe>\n<\/div><\/figure>\n","protected":false},"excerpt":{"rendered":"<p>Liebe Azubis, wir m\u00f6chten Euch in Euren Betrieben herzlich willkommen hei\u00dfen! Mit der Ausbildung beginnt f\u00fcr Euch ein neuer Lebensabschnitt und Ihr stellt die Weichen f\u00fcr Eure Zukunft. Viel Erfolg und Spa\u00df dabei! In dieser wichtigen Zeit ist die CGM auch f\u00fcr Euch da &#8211; pers\u00f6nlich, menschlich, nah! Bei Fragen oder Problemen z\u00f6gert nicht, Euch &hellip; <\/p>\n<p class=\"link-more\"><a href=\"https:\/\/cgm-bw.de\/?p=844\" class=\"more-link\">Mehr <span class=\"screen-reader-text\">\u00fcber &#8222;Willkommen, Azubis!&#8220; <\/span>Lesen<\/a><\/p>\n","protected":false},"author":16,"featured_media":0,"comment_status":"open","ping_status":"open","sticky":false,"template":"","format":"aside","meta":{"footnotes":""},"categories":[1,13],"tags":[28,40,41],"class_list":["post-844","post","type-post","status-publish","format-aside","hentry","category-cgmbw_de","category-jugend","tag-ausbildung","tag-azubi","tag-jugend","post_format-post-format-aside"],"_links":{"self":[{"href":"https:\/\/cgm-bw.de\/index.php?rest_route=\/wp\/v2\/posts\/844","targetHints":{"allow":["GET"]}}],"collection":[{"href":"https:\/\/cgm-bw.de\/index.php?rest_route=\/wp\/v2\/posts"}],"about":[{"href":"https:\/\/cgm-bw.de\/index.php?rest_route=\/wp\/v2\/types\/post"}],"author":[{"embeddable":true,"href":"https:\/\/cgm-bw.de\/index.php?rest_route=\/wp\/v2\/users\/16"}],"replies":[{"embeddable":true,"href":"https:\/\/cgm-bw.de\/index.php?rest_route=%2Fwp%2Fv2%2Fcomments&post=844"}],"version-history":[{"count":6,"href":"https:\/\/cgm-bw.de\/index.php?rest_route=\/wp\/v2\/posts\/844\/revisions"}],"predecessor-version":[{"id":856,"href":"https:\/\/cgm-bw.de\/index.php?rest_route=\/wp\/v2\/posts\/844\/revisions\/856"}],"wp:attachment":[{"href":"https:\/\/cgm-bw.de\/index.php?rest_route=%2Fwp%2Fv2%2Fmedia&parent=844"}],"wp:term":[{"taxonomy":"category","embeddable":true,"href":"https:\/\/cgm-bw.de\/index.php?rest_route=%2Fwp%2Fv2%2Fcategories&post=844"},{"taxonomy":"post_tag","embeddable":true,"href":"https:\/\/cgm-bw.de\/index.php?rest_route=%2Fwp%2Fv2%2Ftags&post=844"}],"curies":[{"name":"wp","href":"https:\/\/api.w.org\/{rel}","templated":true}]}}