{"id":86,"date":"2022-11-03T16:18:00","date_gmt":"2022-11-03T15:18:00","guid":{"rendered":"https:\/\/cgmbw.de\/?p=86"},"modified":"2022-12-05T17:01:15","modified_gmt":"2022-12-05T16:01:15","slug":"die-cgm-baden-wuerttemberg-macht-sich-gegen-altersarmut-stark","status":"publish","type":"post","link":"https:\/\/cgm-bw.de\/?p=86","title":{"rendered":"Die CGM Baden-W\u00fcrttemberg macht sich gegen Altersarmut stark"},"content":{"rendered":"\n<p id=\"content\"><strong><em>Pressemitteilung: Die CGM Baden-W\u00fcrttemberg macht sich gegen Altersarmut stark <\/em><\/strong><\/p>\n\n\n\n<p id=\"content\"><strong>Neben der Tariferh\u00f6hung von 8% bei einer Laufzeit von 9 Monaten fordert der CGM- Landesverband Baden-W\u00fcrttemberg die Bundesregierung und die \u00fcbrigen Teilnehmer der Konzertierten-Aktion auf entschiedener gegen drohende Altersarmut in den unteren und mittleren Einkommensschichten vorzugehen. <\/strong><\/p>\n\n\n\n<p id=\"content\">Der CGM-Landesverband Baden-W\u00fcrttemberg traf sich zur Nachsch\u00e4rfung der Tarifforderungen in der Metall- und Elektroindustrie zur Tarifkommission am 25. Oktober 2022. Dort war vor allem die unterst\u00fctzende Rolle der Politik Thema. <\/p>\n\n\n\n<p id=\"content\">So fordert der CGM-Landesverband Baden-W\u00fcrttemberg nun neben einer Tariferh\u00f6hung von 8% bei einer Laufzeit von 9 Monaten von der Regierung eine sozialere und st\u00e4rkere Gewichtung der unteren und mittleren Einkommen. Hier sieht der Landesverband als Teilnehmer der Konzertierten-Aktion besonders die Regierung in der Pflicht. <\/p>\n\n\n\n<p id=\"content\">Die unteren und mittleren Einkommensschichten sind laut dem CGM-Landesverband angesichts der herrschenden Inflations- und Energiekrisen besonders von Altersarmut bedroht. \u201eDie Leute haben Angst durch das soziale Netz zu fallen und von Altersarmut betroffen zu sein. Die bisherige Rentenpolitik macht die Menschen zum Sozialfall, das ist entw\u00fcrdigend. Wo bleibt da der Respekt vor den Menschen und ihrer Lebensleistung? Das ehrenamtliche Netz kann in seiner Armutsbek\u00e4mpfung nicht noch mehr auffangen!&#8220; sagt CGM-Landesvorstandsmitglied Susann Oerding. <\/p>\n\n\n\n<p id=\"content\">Zur Bek\u00e4mpfung dieses dr\u00e4ngenden Problems erhebt der Landesverband daher folgende flankierende Forderungen an die Bundesregierung und die \u00fcbrigen Teilnehmer der Konzertierten-Aktion: <br><\/p>\n\n\n\n<ul class=\"wp-block-list\">\n<li>Steuerfreiheit von Renten<\/li>\n\n\n\n<li>Keine weitere Absenkung des Rentenniveaus von bisher 48% auf 42% <\/li>\n\n\n\n<li>Verdopplung der Arbeitnehmersparzulage von derzeit 24 \u20ac auf 50 \u20ac<\/li>\n\n\n\n<li>Zus\u00e4tzliche Rentenpunkte f\u00fcr Schichtarbeiter<\/li>\n\n\n\n<li>Anrechnung von Rentenpunkten auch bei Minijobs<\/li>\n\n\n\n<li>Fr\u00fcherer Renteneintritt f\u00fcr Schichtarbeiter<\/li>\n<\/ul>\n\n\n\n<p id=\"content\">\u201eDie Politik muss mit flankierenden Ma\u00dfnahmen gegen das Aufkommen von Altersarmut einschreiten. Dieses Problem kann nicht allein durch Tarifvertr\u00e4ge bek\u00e4mpft werden. Der Staat darf hier nicht nur reagieren, sondern muss proaktiv agieren!&#8220;, so der Stellvertretende CGM- Landesvorsitzende Martin Rott.<\/p>\n","protected":false},"excerpt":{"rendered":"<p>Pressemitteilung: Die CGM Baden-W\u00fcrttemberg macht sich gegen Altersarmut stark Neben der Tariferh\u00f6hung von 8% bei einer Laufzeit von 9 Monaten fordert der CGM- Landesverband Baden-W\u00fcrttemberg die Bundesregierung und die \u00fcbrigen Teilnehmer der Konzertierten-Aktion auf entschiedener gegen drohende Altersarmut in den unteren und mittleren Einkommensschichten vorzugehen. Der CGM-Landesverband Baden-W\u00fcrttemberg traf sich zur Nachsch\u00e4rfung der Tarifforderungen in &hellip; <\/p>\n<p class=\"link-more\"><a href=\"https:\/\/cgm-bw.de\/?p=86\" class=\"more-link\">Mehr <span class=\"screen-reader-text\">\u00fcber &#8222;Die CGM Baden-W\u00fcrttemberg macht sich gegen Altersarmut stark&#8220; <\/span>Lesen<\/a><\/p>\n","protected":false},"author":1,"featured_media":0,"comment_status":"open","ping_status":"open","sticky":false,"template":"","format":"standard","meta":{"footnotes":""},"categories":[1],"tags":[],"class_list":["post-86","post","type-post","status-publish","format-standard","hentry","category-cgmbw_de"],"_links":{"self":[{"href":"https:\/\/cgm-bw.de\/index.php?rest_route=\/wp\/v2\/posts\/86","targetHints":{"allow":["GET"]}}],"collection":[{"href":"https:\/\/cgm-bw.de\/index.php?rest_route=\/wp\/v2\/posts"}],"about":[{"href":"https:\/\/cgm-bw.de\/index.php?rest_route=\/wp\/v2\/types\/post"}],"author":[{"embeddable":true,"href":"https:\/\/cgm-bw.de\/index.php?rest_route=\/wp\/v2\/users\/1"}],"replies":[{"embeddable":true,"href":"https:\/\/cgm-bw.de\/index.php?rest_route=%2Fwp%2Fv2%2Fcomments&post=86"}],"version-history":[{"count":2,"href":"https:\/\/cgm-bw.de\/index.php?rest_route=\/wp\/v2\/posts\/86\/revisions"}],"predecessor-version":[{"id":130,"href":"https:\/\/cgm-bw.de\/index.php?rest_route=\/wp\/v2\/posts\/86\/revisions\/130"}],"wp:attachment":[{"href":"https:\/\/cgm-bw.de\/index.php?rest_route=%2Fwp%2Fv2%2Fmedia&parent=86"}],"wp:term":[{"taxonomy":"category","embeddable":true,"href":"https:\/\/cgm-bw.de\/index.php?rest_route=%2Fwp%2Fv2%2Fcategories&post=86"},{"taxonomy":"post_tag","embeddable":true,"href":"https:\/\/cgm-bw.de\/index.php?rest_route=%2Fwp%2Fv2%2Ftags&post=86"}],"curies":[{"name":"wp","href":"https:\/\/api.w.org\/{rel}","templated":true}]}}