{"id":895,"date":"2023-10-26T11:23:49","date_gmt":"2023-10-26T09:23:49","guid":{"rendered":"https:\/\/cgm-bw.de\/?p=895"},"modified":"2023-10-26T11:27:52","modified_gmt":"2023-10-26T09:27:52","slug":"rueckblick-auf-die-stuzubi-2023","status":"publish","type":"post","link":"https:\/\/cgm-bw.de\/?p=895","title":{"rendered":"R\u00fcckblick auf die Stuzubi 2023"},"content":{"rendered":"\n<figure class=\"wp-block-image size-large\"><img loading=\"lazy\" decoding=\"async\" width=\"1024\" height=\"768\" src=\"https:\/\/cgm-bw.de\/wp-content\/uploads\/2023\/10\/WhatsApp-Image-2023-10-25-at-08.49.15-1024x768.jpeg\" alt=\"\" class=\"wp-image-896\" srcset=\"https:\/\/cgm-bw.de\/wp-content\/uploads\/2023\/10\/WhatsApp-Image-2023-10-25-at-08.49.15-1024x768.jpeg 1024w, https:\/\/cgm-bw.de\/wp-content\/uploads\/2023\/10\/WhatsApp-Image-2023-10-25-at-08.49.15-300x225.jpeg 300w, https:\/\/cgm-bw.de\/wp-content\/uploads\/2023\/10\/WhatsApp-Image-2023-10-25-at-08.49.15-768x576.jpeg 768w, https:\/\/cgm-bw.de\/wp-content\/uploads\/2023\/10\/WhatsApp-Image-2023-10-25-at-08.49.15-1536x1152.jpeg 1536w, https:\/\/cgm-bw.de\/wp-content\/uploads\/2023\/10\/WhatsApp-Image-2023-10-25-at-08.49.15-2000x1500.jpeg 2000w, https:\/\/cgm-bw.de\/wp-content\/uploads\/2023\/10\/WhatsApp-Image-2023-10-25-at-08.49.15.jpeg 2016w\" sizes=\"auto, (max-width: 1024px) 100vw, 1024px\" \/><\/figure>\n\n\n\n<p class=\"has-text-align-left\">Am 23. September 2023 fand die j\u00e4hrliche Azubi-Messe der Stadt Stuttgart statt.<\/p>\n\n\n\n<p class=\"has-text-align-left\">Marco Klys und Roswitha Fischle vom Bezirksverband Stuttgart \u00fcbernahmen den Aufbau und die 1. Schicht, Marina Porrmann-Schmidt und Abdullah Saif die 2. Schicht sowie den Abbau des Messestand Nr.79.<\/p>\n\n\n\n<p class=\"has-text-align-left\">Die Messe wurde um 9:30 Uhr er\u00f6ffnet, nach ca. 15 Minuten kamen die ersten Messebesucher an unserem Stand vorbei. Schnell war uns klar, dass wir mit unseren Flyern und Gummib\u00e4rchen auf die Messebesucher zugehen m\u00fcssen und in der Tat hatten wir damit Erfolg.<\/p>\n\n\n\n<p class=\"has-text-align-left\">Die Messebesucher waren neugierig und wir kamen zu sehr interessanten Gespr\u00e4chen, z. B. wieso wir als CGM uns auf der Azubimesse pr\u00e4sentieren oder was Azubis und Studenten von einer Mitgliedschaft erwarten k\u00f6nnen. Auch waren die Eltern die Ihre angehenden Azubis begleiteten sehr erstaunt, dass man als Azubi und Student in die Gewerkschaft eintreten kann.<\/p>\n\n\n\n<p class=\"has-text-align-left\">Wir waren sehr zufrieden mit unserer Werbung und Pr\u00e4sentation auf der Messe und w\u00fcrden uns sehr freuen, wenn wir den ein oder anderen Azubi oder Studenten bei uns im Bezirk Stuttgart begr\u00fc\u00dfen d\u00fcrften.<\/p>\n\n\n\n<p class=\"has-text-align-left\">Bericht von Roswitha Fischle<\/p>\n","protected":false},"excerpt":{"rendered":"<p>Am 23. September 2023 fand die j\u00e4hrliche Azubi-Messe der Stadt Stuttgart statt. Marco Klys und Roswitha Fischle vom Bezirksverband Stuttgart \u00fcbernahmen den Aufbau und die 1. Schicht, Marina Porrmann-Schmidt und Abdullah Saif die 2. Schicht sowie den Abbau des Messestand Nr.79. Die Messe wurde um 9:30 Uhr er\u00f6ffnet, nach ca. 15 Minuten kamen die ersten &hellip; <\/p>\n<p class=\"link-more\"><a href=\"https:\/\/cgm-bw.de\/?p=895\" class=\"more-link\">Mehr <span class=\"screen-reader-text\">\u00fcber &#8222;R\u00fcckblick auf die Stuzubi 2023&#8220; <\/span>Lesen<\/a><\/p>\n","protected":false},"author":16,"featured_media":0,"comment_status":"open","ping_status":"open","sticky":false,"template":"","format":"image","meta":{"footnotes":""},"categories":[13,5],"tags":[28,40,41],"class_list":["post-895","post","type-post","status-publish","format-image","hentry","category-jugend","category-stuttgart","tag-ausbildung","tag-azubi","tag-jugend","post_format-post-format-image"],"_links":{"self":[{"href":"https:\/\/cgm-bw.de\/index.php?rest_route=\/wp\/v2\/posts\/895","targetHints":{"allow":["GET"]}}],"collection":[{"href":"https:\/\/cgm-bw.de\/index.php?rest_route=\/wp\/v2\/posts"}],"about":[{"href":"https:\/\/cgm-bw.de\/index.php?rest_route=\/wp\/v2\/types\/post"}],"author":[{"embeddable":true,"href":"https:\/\/cgm-bw.de\/index.php?rest_route=\/wp\/v2\/users\/16"}],"replies":[{"embeddable":true,"href":"https:\/\/cgm-bw.de\/index.php?rest_route=%2Fwp%2Fv2%2Fcomments&post=895"}],"version-history":[{"count":8,"href":"https:\/\/cgm-bw.de\/index.php?rest_route=\/wp\/v2\/posts\/895\/revisions"}],"predecessor-version":[{"id":906,"href":"https:\/\/cgm-bw.de\/index.php?rest_route=\/wp\/v2\/posts\/895\/revisions\/906"}],"wp:attachment":[{"href":"https:\/\/cgm-bw.de\/index.php?rest_route=%2Fwp%2Fv2%2Fmedia&parent=895"}],"wp:term":[{"taxonomy":"category","embeddable":true,"href":"https:\/\/cgm-bw.de\/index.php?rest_route=%2Fwp%2Fv2%2Fcategories&post=895"},{"taxonomy":"post_tag","embeddable":true,"href":"https:\/\/cgm-bw.de\/index.php?rest_route=%2Fwp%2Fv2%2Ftags&post=895"}],"curies":[{"name":"wp","href":"https:\/\/api.w.org\/{rel}","templated":true}]}}