{"id":911,"date":"2023-11-20T09:42:48","date_gmt":"2023-11-20T08:42:48","guid":{"rendered":"https:\/\/cgm-bw.de\/?p=911"},"modified":"2023-11-20T10:55:40","modified_gmt":"2023-11-20T09:55:40","slug":"bgt-2023-neuer-cgm-bundesvorstand-gewaehlt","status":"publish","type":"post","link":"https:\/\/cgm-bw.de\/?p=911","title":{"rendered":"BGT 2023 &#8211; Neuer CGM Bundesvorstand gew\u00e4hlt"},"content":{"rendered":"\n<p class=\"has-white-color has-text-color has-link-color wp-elements-c645e628e62f8fbab9d9726851472d16\"><\/p>\n\n\n\n<p class=\"has-text-align-left\">Der Bundesgewerkschaftstag vom 20. &#8211; 21. 10.2023 in Wernigerode ist zu Ende. Auf der Versammlung haben die Delegierten aus ganz Deutschland die neue F\u00fchrung an der Spitze der CGM gew\u00e4hlt.<\/p>\n\n\n\n<p class=\"has-text-align-left\">Die n\u00e4chsten vier Jahre lenkt <strong>Sebastian Scheder<\/strong> (Bayern) als <strong>Bundesvorsitzender<\/strong> die Geschicke der Gewerkschaft. Er \u00fcbernimmt diese Aufgabe gemeinsam mit seinen Stellvertretern <strong>Tatjana Roeder<\/strong> (Saarland) und <strong>Christian Hertzog<\/strong> (Berlin).<\/p>\n\n\n\n<figure class=\"wp-block-image size-large is-resized\"><img loading=\"lazy\" decoding=\"async\" width=\"1024\" height=\"683\" src=\"https:\/\/cgm-bw.de\/wp-content\/uploads\/2023\/11\/Bild-neuer-Bundesvorsitzende-2023-BGT-1-1024x683.jpg\" alt=\"\" class=\"wp-image-917\" style=\"width:1218px;height:auto\" srcset=\"https:\/\/cgm-bw.de\/wp-content\/uploads\/2023\/11\/Bild-neuer-Bundesvorsitzende-2023-BGT-1-1024x683.jpg 1024w, https:\/\/cgm-bw.de\/wp-content\/uploads\/2023\/11\/Bild-neuer-Bundesvorsitzende-2023-BGT-1-300x200.jpg 300w, https:\/\/cgm-bw.de\/wp-content\/uploads\/2023\/11\/Bild-neuer-Bundesvorsitzende-2023-BGT-1-768x512.jpg 768w, https:\/\/cgm-bw.de\/wp-content\/uploads\/2023\/11\/Bild-neuer-Bundesvorsitzende-2023-BGT-1-1536x1024.jpg 1536w, https:\/\/cgm-bw.de\/wp-content\/uploads\/2023\/11\/Bild-neuer-Bundesvorsitzende-2023-BGT-1-2048x1365.jpg 2048w, https:\/\/cgm-bw.de\/wp-content\/uploads\/2023\/11\/Bild-neuer-Bundesvorsitzende-2023-BGT-1-2000x1333.jpg 2000w\" sizes=\"auto, (max-width: 1024px) 100vw, 1024px\" \/><\/figure>\n\n\n\n<h2 class=\"wp-block-heading has-small-font-size\"><strong>v. li. nach re.:  Tatjana Roeder, Sebastian Scheder und Christian Hertzog<\/strong><\/h2>\n","protected":false},"excerpt":{"rendered":"<p>Der Bundesgewerkschaftstag vom 20. &#8211; 21. 10.2023 in Wernigerode ist zu Ende. Auf der Versammlung haben die Delegierten aus ganz Deutschland die neue F\u00fchrung an der Spitze der CGM gew\u00e4hlt. Die n\u00e4chsten vier Jahre lenkt Sebastian Scheder (Bayern) als Bundesvorsitzender die Geschicke der Gewerkschaft. Er \u00fcbernimmt diese Aufgabe gemeinsam mit seinen Stellvertretern Tatjana Roeder (Saarland) &hellip; <\/p>\n<p class=\"link-more\"><a href=\"https:\/\/cgm-bw.de\/?p=911\" class=\"more-link\">Mehr <span class=\"screen-reader-text\">\u00fcber &#8222;BGT 2023 &#8211; Neuer CGM Bundesvorstand gew\u00e4hlt&#8220; <\/span>Lesen<\/a><\/p>\n","protected":false},"author":18,"featured_media":0,"comment_status":"open","ping_status":"open","sticky":false,"template":"","format":"standard","meta":{"footnotes":""},"categories":[1],"tags":[],"class_list":["post-911","post","type-post","status-publish","format-standard","hentry","category-cgmbw_de"],"_links":{"self":[{"href":"https:\/\/cgm-bw.de\/index.php?rest_route=\/wp\/v2\/posts\/911","targetHints":{"allow":["GET"]}}],"collection":[{"href":"https:\/\/cgm-bw.de\/index.php?rest_route=\/wp\/v2\/posts"}],"about":[{"href":"https:\/\/cgm-bw.de\/index.php?rest_route=\/wp\/v2\/types\/post"}],"author":[{"embeddable":true,"href":"https:\/\/cgm-bw.de\/index.php?rest_route=\/wp\/v2\/users\/18"}],"replies":[{"embeddable":true,"href":"https:\/\/cgm-bw.de\/index.php?rest_route=%2Fwp%2Fv2%2Fcomments&post=911"}],"version-history":[{"count":6,"href":"https:\/\/cgm-bw.de\/index.php?rest_route=\/wp\/v2\/posts\/911\/revisions"}],"predecessor-version":[{"id":929,"href":"https:\/\/cgm-bw.de\/index.php?rest_route=\/wp\/v2\/posts\/911\/revisions\/929"}],"wp:attachment":[{"href":"https:\/\/cgm-bw.de\/index.php?rest_route=%2Fwp%2Fv2%2Fmedia&parent=911"}],"wp:term":[{"taxonomy":"category","embeddable":true,"href":"https:\/\/cgm-bw.de\/index.php?rest_route=%2Fwp%2Fv2%2Fcategories&post=911"},{"taxonomy":"post_tag","embeddable":true,"href":"https:\/\/cgm-bw.de\/index.php?rest_route=%2Fwp%2Fv2%2Ftags&post=911"}],"curies":[{"name":"wp","href":"https:\/\/api.w.org\/{rel}","templated":true}]}}