{"id":922,"date":"2023-11-20T10:47:54","date_gmt":"2023-11-20T09:47:54","guid":{"rendered":"https:\/\/cgm-bw.de\/?p=922"},"modified":"2023-11-20T10:54:32","modified_gmt":"2023-11-20T09:54:32","slug":"branche-geht-auf-unsichere-zeiten-zu-besuch-der-fachtagung-shkontakt-2023-in-stuttgart","status":"publish","type":"post","link":"https:\/\/cgm-bw.de\/?p=922","title":{"rendered":"Branche geht auf unsichere Zeiten zu \u2013 Besuch der Fachtagung SHKontakt 2023 in Stuttgart"},"content":{"rendered":"\n<p class=\"has-text-align-left\">Am 16.11.2023 fand im neuen Schloss in Stuttgart die Fachtagung \u201eSHKontakt 2023\u201c des Fachverbands Sanit\u00e4r-Heizung-Klima Baden-W\u00fcrttembergs statt.<\/p>\n\n\n\n<p class=\"has-text-align-left\">Die Moderation der Veranstaltung f\u00fchrte der Hauptgesch\u00e4ftsf\u00fchrers des Fachverbandes Baden-W\u00fcrttembergs, Wolfgang Becker und es gab jeweils einen Impulsvortrag des Vorstandsvorsitzenden des Fachverbandes Baden-W\u00fcrttembergs Stefan Menrath und des Pr\u00e4sidenten des Zentralverbandes Sanit\u00e4r-Heizung-Klima (ZVSHK), Michael Hilpert.<\/p>\n\n\n\n<p class=\"has-text-align-left\">Deren Vortr\u00e4ge wurden durch das am Vortag getroffene Urteil des Bundesverfassungsgerichtes, dass der Bund zur Bek\u00e4mpfung der Corona-Krise gedachte Gelder nicht f\u00fcr den Klimaschutz nutzen darf, \u00fcberschattet. &nbsp;Die Fraktion von CDU\/CSU im Bundestag hat damit erfolgreich gegen das Umschichten des eigentlich f\u00fcr Coronama\u00dfnahmen gedachten Sonderverm\u00f6gens geklagt.<\/p>\n\n\n\n<p class=\"has-text-align-left\">Die Wirkung dieses Urteils f\u00fchrt nun zu noch mehr Verunsicherung bei den Kunden des Fachverbands, weil die im Urteil genannten 60 Milliarden auch zum gr\u00f6\u00dften Teil f\u00fcr klimafreundlichere F\u00f6rderungen im Bausegment verwendet werden sollten, dem sogenannten Klima- und Transformationsfonds (KTF).<\/p>\n\n\n\n<p class=\"has-text-align-left\">Im Anschluss an die Vortr\u00e4ge gab es dann sehr interessante Gespr\u00e4che und Diskussionen. An der Veranstaltung nahmen der Bundesvorsitzende der CGM, Sebastian Scheder, der CGM-Landesvorsitzende des Landes Baden-W\u00fcrttembergs, Ralf Holten und der CGM-Gesch\u00e4ftsf\u00fchrer aus Sindelfingen, Robert Sommer, teil.<\/p>\n\n\n\n<figure class=\"wp-block-image size-large is-resized\"><img loading=\"lazy\" decoding=\"async\" width=\"768\" height=\"1024\" src=\"https:\/\/cgm-bw.de\/wp-content\/uploads\/2023\/11\/Tagungsbild-1-768x1024.jpg\" alt=\"\" class=\"wp-image-925\" style=\"width:1227px;height:auto\" srcset=\"https:\/\/cgm-bw.de\/wp-content\/uploads\/2023\/11\/Tagungsbild-1-768x1024.jpg 768w, https:\/\/cgm-bw.de\/wp-content\/uploads\/2023\/11\/Tagungsbild-1-225x300.jpg 225w, https:\/\/cgm-bw.de\/wp-content\/uploads\/2023\/11\/Tagungsbild-1-1152x1536.jpg 1152w, https:\/\/cgm-bw.de\/wp-content\/uploads\/2023\/11\/Tagungsbild-1-1536x2048.jpg 1536w, https:\/\/cgm-bw.de\/wp-content\/uploads\/2023\/11\/Tagungsbild-1-2000x2667.jpg 2000w, https:\/\/cgm-bw.de\/wp-content\/uploads\/2023\/11\/Tagungsbild-1-scaled.jpg 1920w\" sizes=\"auto, (max-width: 768px) 100vw, 768px\" \/><\/figure>\n\n\n\n<h5 class=\"wp-block-heading\">v. li. nach re.:  Ralf Holten,  Stefan Menrath,, Wolfgang Becker, , Sebastian Scheder<\/h5>\n","protected":false},"excerpt":{"rendered":"<p>Am 16.11.2023 fand im neuen Schloss in Stuttgart die Fachtagung \u201eSHKontakt 2023\u201c des Fachverbands Sanit\u00e4r-Heizung-Klima Baden-W\u00fcrttembergs statt. Die Moderation der Veranstaltung f\u00fchrte der Hauptgesch\u00e4ftsf\u00fchrers des Fachverbandes Baden-W\u00fcrttembergs, Wolfgang Becker und es gab jeweils einen Impulsvortrag des Vorstandsvorsitzenden des Fachverbandes Baden-W\u00fcrttembergs Stefan Menrath und des Pr\u00e4sidenten des Zentralverbandes Sanit\u00e4r-Heizung-Klima (ZVSHK), Michael Hilpert. Deren Vortr\u00e4ge wurden durch &hellip; <\/p>\n<p class=\"link-more\"><a href=\"https:\/\/cgm-bw.de\/?p=922\" class=\"more-link\">Mehr <span class=\"screen-reader-text\">\u00fcber &#8222;Branche geht auf unsichere Zeiten zu \u2013 Besuch der Fachtagung SHKontakt 2023 in Stuttgart&#8220; <\/span>Lesen<\/a><\/p>\n","protected":false},"author":18,"featured_media":0,"comment_status":"open","ping_status":"open","sticky":false,"template":"","format":"standard","meta":{"footnotes":""},"categories":[1],"tags":[],"class_list":["post-922","post","type-post","status-publish","format-standard","hentry","category-cgmbw_de"],"_links":{"self":[{"href":"https:\/\/cgm-bw.de\/index.php?rest_route=\/wp\/v2\/posts\/922","targetHints":{"allow":["GET"]}}],"collection":[{"href":"https:\/\/cgm-bw.de\/index.php?rest_route=\/wp\/v2\/posts"}],"about":[{"href":"https:\/\/cgm-bw.de\/index.php?rest_route=\/wp\/v2\/types\/post"}],"author":[{"embeddable":true,"href":"https:\/\/cgm-bw.de\/index.php?rest_route=\/wp\/v2\/users\/18"}],"replies":[{"embeddable":true,"href":"https:\/\/cgm-bw.de\/index.php?rest_route=%2Fwp%2Fv2%2Fcomments&post=922"}],"version-history":[{"count":3,"href":"https:\/\/cgm-bw.de\/index.php?rest_route=\/wp\/v2\/posts\/922\/revisions"}],"predecessor-version":[{"id":928,"href":"https:\/\/cgm-bw.de\/index.php?rest_route=\/wp\/v2\/posts\/922\/revisions\/928"}],"wp:attachment":[{"href":"https:\/\/cgm-bw.de\/index.php?rest_route=%2Fwp%2Fv2%2Fmedia&parent=922"}],"wp:term":[{"taxonomy":"category","embeddable":true,"href":"https:\/\/cgm-bw.de\/index.php?rest_route=%2Fwp%2Fv2%2Fcategories&post=922"},{"taxonomy":"post_tag","embeddable":true,"href":"https:\/\/cgm-bw.de\/index.php?rest_route=%2Fwp%2Fv2%2Ftags&post=922"}],"curies":[{"name":"wp","href":"https:\/\/api.w.org\/{rel}","templated":true}]}}